{"id":10155,"date":"2021-07-20T06:50:53","date_gmt":"2021-07-20T05:50:53","guid":{"rendered":"http:\/\/oise-echecs.fr\/?p=10155"},"modified":"2024-10-19T21:33:07","modified_gmt":"2024-10-19T20:33:07","slug":"journee-mondiale-des-echecs-20-juillet","status":"publish","type":"post","link":"http:\/\/oise-echecs.fr\/?p=10155","title":{"rendered":"JOURNEE MONDIALE DES ECHECS &#8211; 20 JUILLET"},"content":{"rendered":"<p>Par Sophie Fancelli, Pr\u00e9sidente de Droit Au Mat :<\/p>\n<hr \/>\n<p><span style=\"color: #993300;\"><em>Tr\u00e8s beau temps hier pour la Journ\u00e9e mondiale des Echecs. Nous avons pu sortir tables et bancs au Parc des Erables de Pr\u00e9cy-sur-Oise. Une belle affluence, de belles parties et beaucoup de bonne humeur. Une excellente soir\u00e9e ! Rendez-vous est d\u00e9j\u00e0 pris pour le 20 juillet 2022 !<\/em><\/span><\/p>\n<hr \/>\n<p>&nbsp;<\/p>\n<p>&nbsp;<\/p>\n<p>&nbsp;<\/p>\n<p><img loading=\"lazy\" decoding=\"async\" class=\"size-medium wp-image-10157 aligncenter\" src=\"http:\/\/oise-echecs.fr\/wp-content\/uploads\/2021\/07\/20juillet-300x167.jpg\" alt=\"\" width=\"300\" height=\"167\" srcset=\"http:\/\/oise-echecs.fr\/wp-content\/uploads\/2021\/07\/20juillet-300x167.jpg 300w, http:\/\/oise-echecs.fr\/wp-content\/uploads\/2021\/07\/20juillet-768x427.jpg 768w, http:\/\/oise-echecs.fr\/wp-content\/uploads\/2021\/07\/20juillet.jpg 800w\" sizes=\"auto, (max-width: 300px) 100vw, 300px\" \/><\/p>\n<p>&nbsp;<\/p>\n<p>&nbsp;<\/p>\n<p><span class=\"css-901oao css-16my406 r-1qd0xha r-ad9z0x r-bcqeeo r-qvutc0\">A l&rsquo;occasion de la Journ\u00e9e Mondiale du jeu d&rsquo;\u00c9checs (mardi 20 juillet), la F\u00e9d\u00e9ration Internationale des \u00c9checs lance un appel \u00e0 tous les joueurs pour qu&rsquo;ils apprennent les r\u00e8gles du jeu \u00e0 une personne de leur entourage.<\/span><\/p>\n<p><span class=\"css-901oao css-16my406 r-1qd0xha r-ad9z0x r-bcqeeo r-qvutc0\">Plus d&rsquo;informations ici : <a href=\"https:\/\/fide.com\/news\/1219\" target=\"_blank\" rel=\"noopener\">https:\/\/fide.com\/news\/1219<\/a><\/span><\/p>\n<p><span class=\"r-18u37iz\">et ici <a href=\"https:\/\/twitter.com\/hashtag\/Internationalchessday?src=hashtag_click\" target=\"_blank\" rel=\"noopener noreferrer\">#Internationalchessday<\/a><\/span><\/p>\n<p>En vid\u00e9o, c&rsquo;est ici : <a href=\"https:\/\/twitter.com\/FIDE_chess\/status\/1416748320668663811\" target=\"_blank\" rel=\"noopener\">https:\/\/twitter.com\/FIDE_chess\/status\/1416748320668663811<\/a><\/p>\n<p>Il fait beau aujourd&rsquo;hui alors n&rsquo;h\u00e9sitons pas \u00e0 sortir les \u00e9chiquiers et aller nous a\u00e9rer dans les parcs et jardins !<\/p>\n<p>A Pr\u00e9cy-sur-Oise, les \u00e9chiquiers seront de sortie au Parc des Erables entre 18h et 20h.<\/p>\n<p>Excellente Journ\u00e9e mondiale des Echecs \u00e0 toutes et \u00e0 tous !<\/p>\n","protected":false},"excerpt":{"rendered":"<p>Par Sophie Fancelli, Pr\u00e9sidente de Droit Au Mat : Tr\u00e8s beau temps hier pour la Journ\u00e9e mondiale des Echecs. Nous<\/p>\n","protected":false},"author":2,"featured_media":10167,"comment_status":"open","ping_status":"open","sticky":false,"template":"","format":"standard","meta":{"colormag_page_container_layout":"default_layout","colormag_page_sidebar_layout":"default_layout","jetpack_post_was_ever_published":false,"_jetpack_newsletter_access":"","_jetpack_dont_email_post_to_subs":false,"_jetpack_newsletter_tier_id":0,"_jetpack_memberships_contains_paywalled_content":false,"_jetpack_memberships_contains_paid_content":false,"footnotes":"","jetpack_publicize_message":"","jetpack_publicize_feature_enabled":true,"jetpack_social_post_already_shared":true,"jetpack_social_options":{"image_generator_settings":{"template":"highway","default_image_id":0,"font":"","enabled":false},"version":2}},"categories":[3],"tags":[],"class_list":["post-10155","post","type-post","status-publish","format-standard","has-post-thumbnail","hentry","category-manifestations"],"jetpack_publicize_connections":[],"jetpack_featured_media_url":"http:\/\/oise-echecs.fr\/wp-content\/uploads\/2021\/07\/20210720_181506_Precy-20-juillet-scaled.jpg","jetpack_sharing_enabled":true,"jetpack_shortlink":"https:\/\/wp.me\/p90hcv-2DN","_links":{"self":[{"href":"http:\/\/oise-echecs.fr\/index.php?rest_route=\/wp\/v2\/posts\/10155","targetHints":{"allow":["GET"]}}],"collection":[{"href":"http:\/\/oise-echecs.fr\/index.php?rest_route=\/wp\/v2\/posts"}],"about":[{"href":"http:\/\/oise-echecs.fr\/index.php?rest_route=\/wp\/v2\/types\/post"}],"author":[{"embeddable":true,"href":"http:\/\/oise-echecs.fr\/index.php?rest_route=\/wp\/v2\/users\/2"}],"replies":[{"embeddable":true,"href":"http:\/\/oise-echecs.fr\/index.php?rest_route=%2Fwp%2Fv2%2Fcomments&post=10155"}],"version-history":[{"count":6,"href":"http:\/\/oise-echecs.fr\/index.php?rest_route=\/wp\/v2\/posts\/10155\/revisions"}],"predecessor-version":[{"id":10166,"href":"http:\/\/oise-echecs.fr\/index.php?rest_route=\/wp\/v2\/posts\/10155\/revisions\/10166"}],"wp:featuredmedia":[{"embeddable":true,"href":"http:\/\/oise-echecs.fr\/index.php?rest_route=\/wp\/v2\/media\/10167"}],"wp:attachment":[{"href":"http:\/\/oise-echecs.fr\/index.php?rest_route=%2Fwp%2Fv2%2Fmedia&parent=10155"}],"wp:term":[{"taxonomy":"category","embeddable":true,"href":"http:\/\/oise-echecs.fr\/index.php?rest_route=%2Fwp%2Fv2%2Fcategories&post=10155"},{"taxonomy":"post_tag","embeddable":true,"href":"http:\/\/oise-echecs.fr\/index.php?rest_route=%2Fwp%2Fv2%2Ftags&post=10155"}],"curies":[{"name":"wp","href":"https:\/\/api.w.org\/{rel}","templated":true}]}}