{"id":3193,"date":"2016-07-11T18:35:53","date_gmt":"2016-07-11T17:35:53","guid":{"rendered":"http:\/\/oise-echecs.fr\/?p=3193"},"modified":"2016-09-15T17:35:45","modified_gmt":"2016-09-15T16:35:45","slug":"village-estival-2016-310-pierrefonds","status":"publish","type":"post","link":"http:\/\/oise-echecs.fr\/?p=3193","title":{"rendered":"Village Estival 2016 3\/10 Pierrefonds"},"content":{"rendered":"<p><a href=\"http:\/\/oise-echecs.fr\/wp-content\/uploads\/2016\/07\/Pierrefonds-4-village-estival-2-WEB.jpg\"><img loading=\"lazy\" decoding=\"async\" class=\"size-medium wp-image-3196 alignleft\" src=\"http:\/\/oise-echecs.fr\/wp-content\/uploads\/2016\/07\/Pierrefonds-4-village-estival-2-WEB-300x169.jpg\" alt=\"Pierrefonds 4 village estival (2)-WEB\" width=\"300\" height=\"169\" srcset=\"http:\/\/oise-echecs.fr\/wp-content\/uploads\/2016\/07\/Pierrefonds-4-village-estival-2-WEB-300x169.jpg 300w, http:\/\/oise-echecs.fr\/wp-content\/uploads\/2016\/07\/Pierrefonds-4-village-estival-2-WEB-768x432.jpg 768w, http:\/\/oise-echecs.fr\/wp-content\/uploads\/2016\/07\/Pierrefonds-4-village-estival-2-WEB.jpg 1024w\" sizes=\"auto, (max-width: 300px) 100vw, 300px\" \/><\/a>Sur la photo, un pr\u00e9sident \u00ab\u00a0gardien\u00a0\u00bb des Echecs et des cages&#8230;<\/p>\n<p>Et de trois\u00a0\u00ab\u00a0Village Estival\u00a0\u00bb, une journ\u00e9e fra\u00eeche et venteuse sur ce stade en haut de Pierrefonds. De ce fait nous n&rsquo;avons pas mis les banderoles et mis du ruban adh\u00e9sif pour faire tenir les \u00e9chiquiers. L&rsquo;herbe trop haute ab\u00eeme plus vite l&rsquo;\u00e9chiquier g\u00e9ant au niveau des attaches. \u00a0Nous avions un emplacement encore une fois pr\u00e8s de l&rsquo;entr\u00e9e et loin des haut-parleurs.<\/p>\n<p>Merci au club de Compi\u00e8gne\u00a0qui \u00e9tait pr\u00e9sent en la personne de Guy, son Pr\u00e9sident.<\/p>\n<p>442 visiteurs dont une quarantaine \u00e0 notre stand.<\/p>\n<p>Prochains rendez-vous cette semaine:<\/p>\n<p>mardi 12 \u00e0 Cauvigny<\/p>\n<p>mercredi 13 \u00e0 Melicocq<\/p>\n<hr \/>\n<p><span style=\"color: #800000;\">Ma distance A\/R du jour : \u00a0114km \u00a0 \u00a0 \u00a0 \u00a0 \u00a0Mon total kilom\u00e9trique du Village : 358\u00a0km<\/span><\/p>\n<p><span style=\"color: #800000;\">Mes heures pass\u00e9es : \u00a0 \u00a0 7h45 \u00a0 \u00a0 \u00a0 \u00a0 \u00a0 \u00a0 \u00a0 \u00a0 \u00a0 Mon total horaire : 23h15<\/span><\/p>\n<p><span style=\"color: #800000;\">Horaire total des b\u00e9n\u00e9voles pour le Village Estival : 61h04<\/span><\/p>\n<hr \/>\n","protected":false},"excerpt":{"rendered":"<p>Sur la photo, un pr\u00e9sident \u00ab\u00a0gardien\u00a0\u00bb des Echecs et des cages&#8230; Et de trois\u00a0\u00ab\u00a0Village Estival\u00a0\u00bb, une journ\u00e9e fra\u00eeche et venteuse<\/p>\n","protected":false},"author":2,"featured_media":3198,"comment_status":"closed","ping_status":"open","sticky":false,"template":"","format":"standard","meta":{"colormag_page_container_layout":"default_layout","colormag_page_sidebar_layout":"default_layout","jetpack_post_was_ever_published":false,"_jetpack_newsletter_access":"","_jetpack_dont_email_post_to_subs":false,"_jetpack_newsletter_tier_id":0,"_jetpack_memberships_contains_paywalled_content":false,"_jetpack_memberships_contains_paid_content":false,"footnotes":"","jetpack_publicize_message":"","jetpack_publicize_feature_enabled":true,"jetpack_social_post_already_shared":false,"jetpack_social_options":{"image_generator_settings":{"template":"highway","default_image_id":0,"font":"","enabled":false},"version":2}},"categories":[3],"tags":[],"class_list":["post-3193","post","type-post","status-publish","format-standard","has-post-thumbnail","hentry","category-manifestations"],"jetpack_publicize_connections":[],"jetpack_featured_media_url":"http:\/\/oise-echecs.fr\/wp-content\/uploads\/2016\/07\/Pierrefonds-4-village-estival-1-WEB.jpg","jetpack_sharing_enabled":true,"jetpack_shortlink":"https:\/\/wp.me\/p90hcv-Pv","_links":{"self":[{"href":"http:\/\/oise-echecs.fr\/index.php?rest_route=\/wp\/v2\/posts\/3193","targetHints":{"allow":["GET"]}}],"collection":[{"href":"http:\/\/oise-echecs.fr\/index.php?rest_route=\/wp\/v2\/posts"}],"about":[{"href":"http:\/\/oise-echecs.fr\/index.php?rest_route=\/wp\/v2\/types\/post"}],"author":[{"embeddable":true,"href":"http:\/\/oise-echecs.fr\/index.php?rest_route=\/wp\/v2\/users\/2"}],"replies":[{"embeddable":true,"href":"http:\/\/oise-echecs.fr\/index.php?rest_route=%2Fwp%2Fv2%2Fcomments&post=3193"}],"version-history":[{"count":7,"href":"http:\/\/oise-echecs.fr\/index.php?rest_route=\/wp\/v2\/posts\/3193\/revisions"}],"predecessor-version":[{"id":3605,"href":"http:\/\/oise-echecs.fr\/index.php?rest_route=\/wp\/v2\/posts\/3193\/revisions\/3605"}],"wp:featuredmedia":[{"embeddable":true,"href":"http:\/\/oise-echecs.fr\/index.php?rest_route=\/wp\/v2\/media\/3198"}],"wp:attachment":[{"href":"http:\/\/oise-echecs.fr\/index.php?rest_route=%2Fwp%2Fv2%2Fmedia&parent=3193"}],"wp:term":[{"taxonomy":"category","embeddable":true,"href":"http:\/\/oise-echecs.fr\/index.php?rest_route=%2Fwp%2Fv2%2Fcategories&post=3193"},{"taxonomy":"post_tag","embeddable":true,"href":"http:\/\/oise-echecs.fr\/index.php?rest_route=%2Fwp%2Fv2%2Ftags&post=3193"}],"curies":[{"name":"wp","href":"https:\/\/api.w.org\/{rel}","templated":true}]}}