{"id":5242,"date":"2017-07-19T08:51:40","date_gmt":"2017-07-19T07:51:40","guid":{"rendered":"http:\/\/oise-echecs.fr\/?p=5242"},"modified":"2017-07-19T18:59:04","modified_gmt":"2017-07-19T17:59:04","slug":"5eme-village-estival-49","status":"publish","type":"post","link":"http:\/\/oise-echecs.fr\/?p=5242","title":{"rendered":"5\u00e8me VILLAGE ESTIVAL 4\/9"},"content":{"rendered":"<p><a href=\"http:\/\/oise-echecs.fr\/wp-content\/uploads\/2017\/07\/4-9-VE-2017-REMY-2-WEB.jpg\"><img loading=\"lazy\" decoding=\"async\" class=\"aligncenter size-medium wp-image-5241\" src=\"http:\/\/oise-echecs.fr\/wp-content\/uploads\/2017\/07\/4-9-VE-2017-REMY-2-WEB-300x225.jpg\" alt=\"\" width=\"300\" height=\"225\" srcset=\"http:\/\/oise-echecs.fr\/wp-content\/uploads\/2017\/07\/4-9-VE-2017-REMY-2-WEB-300x225.jpg 300w, http:\/\/oise-echecs.fr\/wp-content\/uploads\/2017\/07\/4-9-VE-2017-REMY-2-WEB-768x576.jpg 768w, http:\/\/oise-echecs.fr\/wp-content\/uploads\/2017\/07\/4-9-VE-2017-REMY-2-WEB.jpg 1024w\" sizes=\"auto, (max-width: 300px) 100vw, 300px\" \/><\/a><\/p>\n<p>On attaque la deuxi\u00e8me semaine de ce 5\u00e8me Village Estival avec REMY &#8211; Le village :-))) &#8211; (Rappel suivre les dates et lieux dans la rubrique \u00ab\u00a0PROCHAINEMENT\u00a0\u00bb.<\/p>\n<p>Record pour le CD 60 et pour les Echecs malgr\u00e9 le fait que l&rsquo;on soit encore \u00ab\u00a0loin des yeux\u00a0\u00bb.<\/p>\n<p>Plus de 750 visites sur le site pour 80 visiteurs sur le stand Echecs.<\/p>\n<p>Merci aux animateurs de cette journ\u00e9e :<\/p>\n<ul>\n<li>Manuel de Compi\u00e8gne<\/li>\n<li>Romain de Pont-ste-Maxence<\/li>\n<li>Stanislas de Maignelay-Montigny<\/li>\n<li>Franck d&rsquo;Escames-Songeons<\/li>\n<li>Sophie de DAM (qui nous a rejoints apr\u00e8s sa journ\u00e9e de travail &#8211; en finissant exceptionnellement plus t\u00f4t)<\/li>\n<li>May-Lee qui a rejoint la convention \u00ab\u00a0Pass Permis Citoyen\u00a0\u00bb \u00e0 travers le club de BEAUVAIS<\/li>\n<\/ul>\n<p><strong>Une info sur cette convention :<\/strong><\/p>\n<p>&#8212;&#8212;&#8212;&#8212;&#8212;&#8212;&#8212;&#8212;&#8212;&#8212;&#8212;&#8212;&#8212;&#8212;&#8212;&#8212;&#8212;&#8212;&#8212;&#8212;&#8212;&#8212;&#8212;&#8212;<\/p>\n<p><em><span style=\"color: #800080;\">Lanc\u00e9 en juillet 2015, le dispositif Pass Permis Citoyen a pass\u00e9 le cap du 1000<sup>e<\/sup> inscrit le 1<sup>er <\/sup>f\u00e9vrier 2016. Atout indispensable pour acc\u00e9der \u00e0 l\u2019emploi ou \u00e0 une formation, le Pass Permis Citoyen encourage \u00e9galement\u00a0 les jeunes Oisiens \u00e0 s\u2019engager dans un projet et les aide \u00e0 financer leur permis de conduire.<\/span><\/em><\/p>\n<p>&nbsp;<\/p>\n<h2><em><span style=\"color: #800080;\">Une exp\u00e9rience gagnant-gagnant<\/span><\/em><\/h2>\n<p><em><span style=\"color: #800080;\">En facilitant l\u2019emploi, l\u2019insertion et un bon d\u00e9part dans la vie active avec cette <strong>aide de 600 euros<\/strong>, le Pass Permis Citoyen permet de r\u00e9pondre \u00e0 une demande de la part des jeunes mais permet aussi d\u2019apporter une aide aux partenaires avec ces <strong>70h de travail b\u00e9n\u00e9vole<\/strong>.<\/span><\/em><\/p>\n<p>&#8212;&#8212;&#8212;&#8212;&#8212;&#8212;&#8212;&#8212;&#8212;&#8212;&#8212;&#8212;&#8212;&#8212;&#8212;&#8212;&#8212;&#8212;&#8212;&#8212;&#8212;&#8212;&#8212;-<\/p>\n<p>Ci-dessous une vid\u00e9o prise par le t\u00e9l\u00e9phone portable de Sophie, on constate la diff\u00e9rence entre une prise de vue \u00ab\u00a0\u00e0 la main\u00a0\u00bb et les pr\u00e9c\u00e9dentes vid\u00e9os prises avec un stabilisateur (et en plus on ne marche pas sur les pieds d&rsquo;un enfant&#8230;)<\/p>\n<p><iframe loading=\"lazy\" src=\"https:\/\/www.youtube.com\/embed\/tbbvNbXvjt4\" width=\"560\" height=\"315\" frameborder=\"0\" allowfullscreen=\"allowfullscreen\"><\/iframe><\/p>\n<p>&nbsp;<\/p>\n","protected":false},"excerpt":{"rendered":"<p>On attaque la deuxi\u00e8me semaine de ce 5\u00e8me Village Estival avec REMY &#8211; Le village :-))) &#8211; (Rappel suivre les<\/p>\n","protected":false},"author":2,"featured_media":5240,"comment_status":"closed","ping_status":"open","sticky":false,"template":"","format":"standard","meta":{"colormag_page_container_layout":"default_layout","colormag_page_sidebar_layout":"default_layout","jetpack_post_was_ever_published":false,"_jetpack_newsletter_access":"","_jetpack_dont_email_post_to_subs":false,"_jetpack_newsletter_tier_id":0,"_jetpack_memberships_contains_paywalled_content":false,"_jetpack_memberships_contains_paid_content":false,"footnotes":"","jetpack_publicize_message":"","jetpack_publicize_feature_enabled":true,"jetpack_social_post_already_shared":false,"jetpack_social_options":{"image_generator_settings":{"template":"highway","default_image_id":0,"font":"","enabled":false},"version":2}},"categories":[3],"tags":[],"class_list":["post-5242","post","type-post","status-publish","format-standard","has-post-thumbnail","hentry","category-manifestations"],"jetpack_publicize_connections":[],"jetpack_featured_media_url":"http:\/\/oise-echecs.fr\/wp-content\/uploads\/2017\/07\/4-9-VE-2017-REMY-1-WEB.jpg","jetpack_sharing_enabled":true,"jetpack_shortlink":"https:\/\/wp.me\/p90hcv-1my","_links":{"self":[{"href":"http:\/\/oise-echecs.fr\/index.php?rest_route=\/wp\/v2\/posts\/5242","targetHints":{"allow":["GET"]}}],"collection":[{"href":"http:\/\/oise-echecs.fr\/index.php?rest_route=\/wp\/v2\/posts"}],"about":[{"href":"http:\/\/oise-echecs.fr\/index.php?rest_route=\/wp\/v2\/types\/post"}],"author":[{"embeddable":true,"href":"http:\/\/oise-echecs.fr\/index.php?rest_route=\/wp\/v2\/users\/2"}],"replies":[{"embeddable":true,"href":"http:\/\/oise-echecs.fr\/index.php?rest_route=%2Fwp%2Fv2%2Fcomments&post=5242"}],"version-history":[{"count":4,"href":"http:\/\/oise-echecs.fr\/index.php?rest_route=\/wp\/v2\/posts\/5242\/revisions"}],"predecessor-version":[{"id":5247,"href":"http:\/\/oise-echecs.fr\/index.php?rest_route=\/wp\/v2\/posts\/5242\/revisions\/5247"}],"wp:featuredmedia":[{"embeddable":true,"href":"http:\/\/oise-echecs.fr\/index.php?rest_route=\/wp\/v2\/media\/5240"}],"wp:attachment":[{"href":"http:\/\/oise-echecs.fr\/index.php?rest_route=%2Fwp%2Fv2%2Fmedia&parent=5242"}],"wp:term":[{"taxonomy":"category","embeddable":true,"href":"http:\/\/oise-echecs.fr\/index.php?rest_route=%2Fwp%2Fv2%2Fcategories&post=5242"},{"taxonomy":"post_tag","embeddable":true,"href":"http:\/\/oise-echecs.fr\/index.php?rest_route=%2Fwp%2Fv2%2Ftags&post=5242"}],"curies":[{"name":"wp","href":"https:\/\/api.w.org\/{rel}","templated":true}]}}