{"id":6544,"date":"2018-06-15T08:38:21","date_gmt":"2018-06-15T07:38:21","guid":{"rendered":"http:\/\/oise-echecs.fr\/?p=6544"},"modified":"2018-06-20T20:08:37","modified_gmt":"2018-06-20T19:08:37","slug":"festival-les-petites-bouilles-2018","status":"publish","type":"post","link":"http:\/\/oise-echecs.fr\/?p=6544","title":{"rendered":"Festival \u00a0\u00bb Les petites bouilles\u00a0\u00bb 2018"},"content":{"rendered":"<p>Compte rendu de la journ\u00e9e<\/p>\n<p><span style=\"color: #800000;\">Message\u00a0 de Guy VAN POUCKE<\/span><\/p>\n<p><span style=\"color: #800000;\">NOUVEAU SUCCES\u00a0ET LE SOLEIL EN PRIME<\/span><\/p>\n<p><span style=\"color: #800000;\">\u00c9l\u00e9ments souvent d\u00e9cisif pour le succ\u00e8s des animations de plein air, la m\u00e9t\u00e9o. Celle-ci s&rsquo;est montr\u00e9e plus que cl\u00e9mente et c&rsquo;est sous un soleil radieux que la fanfare \u00ab\u00a0aux cuivres citoyens!\u00a0\u00bb a lanc\u00e9 les festivit\u00e9s vers onze heures dans cette \u00e9cole Louis Lesueur. Le public n&rsquo;a pas tard\u00e9\u00a0 avec de nombreux enfants, lesquels sont partis \u00e0 la d\u00e9couverte des diff\u00e9rents stands, sans oublier d&rsquo;assister et applaudir des attractions de qualit\u00e9.<\/span><\/p>\n<p><span style=\"color: #800000;\">Le club de Compi\u00e8gne \u00e9tait en pays de connaissance, dans la mesure o\u00f9 l&rsquo;animateur du club Mathieu donne des cours d&rsquo;\u00e9checs justement dans\u00a0cette \u00e9cole Louis Lesueur, ce qui lui a permis de retrouver quelque uns de ses \u00e9l\u00e8ves. Comme dans toutes les manifestations le stand d&rsquo;\u00e9checs a \u00e9t\u00e9 abondamment visit\u00e9, apportant une nouvelle preuve que les amateurs d&rsquo;\u00e9checs sont nombreux sur internet ou entre amis, bien plus que les licenci\u00e9s en clubs. Quoi qu&rsquo;il en soit les jeunes r\u00e9ellement int\u00e9ress\u00e9s sont repartis chacun avec un\u00a0\u00ab\u00a0echec et\u00a0mat juniors\u00a0\u00bb et surtout, nous devrions r\u00e9cup\u00e9rer 3 poussins \u00e0 la rentr\u00e9e de septembre.<\/span><\/p>\n<p><span style=\"color: #800000;\">Evidemment des \u00e9lus\u00a0sont venus nous dire un petit bonjour, notamment le d\u00e9put\u00e9 Pierre Vatin et aussi, une \u00e9lue de Chelles, petit village proche de Pierrefonds, laquelle \u00e9lue souhaitait la pr\u00e9sence d&rsquo;un\u00a0stand d&rsquo;\u00e9checs au village estival le 9 juillet prochain. Nous l&rsquo;avons rassur\u00e9e, c&rsquo;\u00e9tait pr\u00e9vu, le club de Compi\u00e8gne et le CDJEO seront pr\u00e9sents \u00e0 Chelles pour cette manifestation.<\/span><\/p>\n<p><span style=\"color: #800000;\">Donc, ce fut une bonne journ\u00e9e, y compris pour les jeunes du club\u00a0qui \u00e9taient l\u00e0 aussi pour s&rsquo;amuser.\u00a0<\/span><\/p>\n<hr \/>\n<p>Donc on se donne rendez-vous l&rsquo;ann\u00e9e prochaine&#8230;.<\/p>\n","protected":false},"excerpt":{"rendered":"<p>Compte rendu de la journ\u00e9e Message\u00a0 de Guy VAN POUCKE NOUVEAU SUCCES\u00a0ET LE SOLEIL EN PRIME \u00c9l\u00e9ments souvent d\u00e9cisif pour<\/p>\n","protected":false},"author":2,"featured_media":5060,"comment_status":"open","ping_status":"open","sticky":false,"template":"","format":"standard","meta":{"colormag_page_container_layout":"default_layout","colormag_page_sidebar_layout":"default_layout","jetpack_post_was_ever_published":false,"_jetpack_newsletter_access":"","_jetpack_dont_email_post_to_subs":false,"_jetpack_newsletter_tier_id":0,"_jetpack_memberships_contains_paywalled_content":false,"_jetpack_memberships_contains_paid_content":false,"footnotes":"","jetpack_publicize_message":"","jetpack_publicize_feature_enabled":true,"jetpack_social_post_already_shared":true,"jetpack_social_options":{"image_generator_settings":{"template":"highway","default_image_id":0,"font":"","enabled":false},"version":2}},"categories":[3],"tags":[],"class_list":["post-6544","post","type-post","status-publish","format-standard","has-post-thumbnail","hentry","category-manifestations"],"jetpack_publicize_connections":[],"jetpack_featured_media_url":"http:\/\/oise-echecs.fr\/wp-content\/uploads\/2017\/06\/Pierrefonds-2017-1-WEB.jpg","jetpack_sharing_enabled":true,"jetpack_shortlink":"https:\/\/wp.me\/p90hcv-1Hy","_links":{"self":[{"href":"http:\/\/oise-echecs.fr\/index.php?rest_route=\/wp\/v2\/posts\/6544","targetHints":{"allow":["GET"]}}],"collection":[{"href":"http:\/\/oise-echecs.fr\/index.php?rest_route=\/wp\/v2\/posts"}],"about":[{"href":"http:\/\/oise-echecs.fr\/index.php?rest_route=\/wp\/v2\/types\/post"}],"author":[{"embeddable":true,"href":"http:\/\/oise-echecs.fr\/index.php?rest_route=\/wp\/v2\/users\/2"}],"replies":[{"embeddable":true,"href":"http:\/\/oise-echecs.fr\/index.php?rest_route=%2Fwp%2Fv2%2Fcomments&post=6544"}],"version-history":[{"count":3,"href":"http:\/\/oise-echecs.fr\/index.php?rest_route=\/wp\/v2\/posts\/6544\/revisions"}],"predecessor-version":[{"id":6556,"href":"http:\/\/oise-echecs.fr\/index.php?rest_route=\/wp\/v2\/posts\/6544\/revisions\/6556"}],"wp:featuredmedia":[{"embeddable":true,"href":"http:\/\/oise-echecs.fr\/index.php?rest_route=\/wp\/v2\/media\/5060"}],"wp:attachment":[{"href":"http:\/\/oise-echecs.fr\/index.php?rest_route=%2Fwp%2Fv2%2Fmedia&parent=6544"}],"wp:term":[{"taxonomy":"category","embeddable":true,"href":"http:\/\/oise-echecs.fr\/index.php?rest_route=%2Fwp%2Fv2%2Fcategories&post=6544"},{"taxonomy":"post_tag","embeddable":true,"href":"http:\/\/oise-echecs.fr\/index.php?rest_route=%2Fwp%2Fv2%2Ftags&post=6544"}],"curies":[{"name":"wp","href":"https:\/\/api.w.org\/{rel}","templated":true}]}}