{"id":7034,"date":"2018-12-04T19:29:55","date_gmt":"2018-12-04T18:29:55","guid":{"rendered":"http:\/\/oise-echecs.fr\/?p=7034"},"modified":"2024-10-19T20:47:24","modified_gmt":"2024-10-19T19:47:24","slug":"gpo-j3-s18-19-beauvais","status":"publish","type":"post","link":"http:\/\/oise-echecs.fr\/?p=7034","title":{"rendered":"GPO J3 S18-19 BEAUVAIS"},"content":{"rendered":"<p>Le compte-rendu de l&rsquo;apr\u00e8s-midi par Jacques DUMOULIN &amp; Eveline GIRONDIN, respectivement Pr\u00e9sident et Secr\u00e9taire de l&rsquo;Echiquier Beauvaisien :<\/p>\n<hr>\n<div align=\"left\"><span style=\"color: #993366;\"><i>L&rsquo;\u00e9chiquier beauvaisien a accueilli 62 participants pour le 3\u00e8me GPO de l&rsquo;ann\u00e9e.<\/i><\/span><\/div>\n<div align=\"left\"><\/div>\n<div align=\"left\"><span style=\"color: #993366;\"><i>Un certain nombre ont jou\u00e9 la d\u00e9fense russe \u00e0 cause d&rsquo;un chauffage frisant un froid sib\u00e9rien. Mais rapidement r\u00e9chauff\u00e9s par les succulents g\u00e2teaux de C\u00e9cile, les d\u00e9fenses espagnoles et siciliennes ont pris le relais.&nbsp;<\/i><\/span><\/div>\n<div align=\"left\"><span style=\"color: #993366;\"><i>Comme il est difficile d&rsquo;organiser, de jouer et de suivre les parties, nous ne pourrons pas alimenter les annales du GPO en anecdotes originales.&nbsp;<\/i><\/span><\/div>\n<div align=\"left\"><span style=\"color: #993366;\"><i>Le club de Beauvais adresse un grand bravo \u00e0 Alan (4 ans et demi), tr\u00e8s applaudi, et \u00e0 Nassim (9 ans) pour leur premi\u00e8re comp\u00e9tition. La rel\u00e8ve est assur\u00e9e\u2026<\/i><\/span><\/div>\n<div align=\"left\"><\/div>\n<div><span style=\"color: #993366;\"><i>Jacques et Eveline<\/i><\/span><\/div>\n<hr>\n<p>Un reportage photo . Encore merci \u00e0 tous pour votre participation et aux organisateurs pour ces bons moments.<\/p>\n<div style=\"margin: 0 1em 1em 0; float: left; text-align: center; font-family: Verdana,Tahoma,Arial;\"><a title=\"Ouvrir\/voir cet album\" href=\"https:\/\/album.zaclys.com\/ECHECS-GPO-S18-19-J3-BEAUVAIS,a75,74717\" target=\"_blank\" rel=\"noopener\"><img decoding=\"async\" style=\"border: 0; margin: 0; padding: 0;\" src=\"https:\/\/album.zaclys.com\/download.php?alb=74717\"><\/a><br \/>\n<strong>ECHECS GPO S18-19 J3 BEAUVAIS<\/strong><\/div>\n<p>&nbsp;<\/p>\n<p>&nbsp;<\/p>\n<p>&nbsp;<\/p>\n<p>&nbsp;<\/p>\n<p>&nbsp;<\/p>\n<hr>\n<p>Ce dimanche 9 d\u00e9cembre, il y avait GPO \u00e0 Beauvais&#8230;..Youpppiieee<\/p>\n<p>Les r\u00e9sultats de la journ\u00e9e dans la rubrique GPO comme d&rsquo;habitude.<\/p>\n<p>Le calcul \u00ab\u00a0provisoire\u00a0\u00bb du classement du GPO est dans la rubrique habituelle<\/p>\n","protected":false},"excerpt":{"rendered":"<p>Le compte-rendu de l&rsquo;apr\u00e8s-midi par Jacques DUMOULIN &amp; Eveline GIRONDIN, respectivement Pr\u00e9sident et Secr\u00e9taire de l&rsquo;Echiquier Beauvaisien : L&rsquo;\u00e9chiquier beauvaisien<\/p>\n","protected":false},"author":2,"featured_media":7054,"comment_status":"open","ping_status":"open","sticky":false,"template":"","format":"standard","meta":{"colormag_page_container_layout":"default_layout","colormag_page_sidebar_layout":"default_layout","jetpack_post_was_ever_published":false,"_jetpack_newsletter_access":"","_jetpack_dont_email_post_to_subs":false,"_jetpack_newsletter_tier_id":0,"_jetpack_memberships_contains_paywalled_content":false,"_jetpack_memberships_contains_paid_content":false,"footnotes":"","jetpack_publicize_message":"","jetpack_publicize_feature_enabled":true,"jetpack_social_post_already_shared":true,"jetpack_social_options":{"image_generator_settings":{"template":"highway","default_image_id":0,"font":"","enabled":false},"version":2}},"categories":[10,5],"tags":[],"class_list":["post-7034","post","type-post","status-publish","format-standard","has-post-thumbnail","hentry","category-cadence-rapide","category-gpo"],"jetpack_publicize_connections":[],"jetpack_featured_media_url":"http:\/\/oise-echecs.fr\/wp-content\/uploads\/2018\/12\/GPO-S18-19-J3-BEAUVAIS-6.jpg","jetpack_sharing_enabled":true,"jetpack_shortlink":"https:\/\/wp.me\/p90hcv-1Ps","_links":{"self":[{"href":"http:\/\/oise-echecs.fr\/index.php?rest_route=\/wp\/v2\/posts\/7034","targetHints":{"allow":["GET"]}}],"collection":[{"href":"http:\/\/oise-echecs.fr\/index.php?rest_route=\/wp\/v2\/posts"}],"about":[{"href":"http:\/\/oise-echecs.fr\/index.php?rest_route=\/wp\/v2\/types\/post"}],"author":[{"embeddable":true,"href":"http:\/\/oise-echecs.fr\/index.php?rest_route=\/wp\/v2\/users\/2"}],"replies":[{"embeddable":true,"href":"http:\/\/oise-echecs.fr\/index.php?rest_route=%2Fwp%2Fv2%2Fcomments&post=7034"}],"version-history":[{"count":13,"href":"http:\/\/oise-echecs.fr\/index.php?rest_route=\/wp\/v2\/posts\/7034\/revisions"}],"predecessor-version":[{"id":7077,"href":"http:\/\/oise-echecs.fr\/index.php?rest_route=\/wp\/v2\/posts\/7034\/revisions\/7077"}],"wp:featuredmedia":[{"embeddable":true,"href":"http:\/\/oise-echecs.fr\/index.php?rest_route=\/wp\/v2\/media\/7054"}],"wp:attachment":[{"href":"http:\/\/oise-echecs.fr\/index.php?rest_route=%2Fwp%2Fv2%2Fmedia&parent=7034"}],"wp:term":[{"taxonomy":"category","embeddable":true,"href":"http:\/\/oise-echecs.fr\/index.php?rest_route=%2Fwp%2Fv2%2Fcategories&post=7034"},{"taxonomy":"post_tag","embeddable":true,"href":"http:\/\/oise-echecs.fr\/index.php?rest_route=%2Fwp%2Fv2%2Ftags&post=7034"}],"curies":[{"name":"wp","href":"https:\/\/api.w.org\/{rel}","templated":true}]}}