{"id":10108,"date":"2021-06-30T20:09:11","date_gmt":"2021-06-30T19:09:11","guid":{"rendered":"http:\/\/oise-echecs.fr\/?p=10108"},"modified":"2021-07-09T23:04:01","modified_gmt":"2021-07-09T22:04:01","slug":"stand-echecs-a-la-fete-du-cal-de-clermont","status":"publish","type":"post","link":"https:\/\/oise-echecs.fr\/?p=10108","title":{"rendered":"STAND ECHECS A LA FETE DU CAL DE CLERMONT"},"content":{"rendered":"<p><em>Mise \u00e0 jour du 4 juillet 13h : compte tenu de la m\u00e9t\u00e9o, l&rsquo;apr\u00e8s-midi du 4 juillet est annul\u00e9e<\/em><\/p>\n<p>&nbsp;<\/p>\n<p>Les 3 et 4 juillet aura lieu \u00e0 Clermont la f\u00eate du CAL (12 rue du G\u00e9n\u00e9ral Moulin).<\/p>\n<p>A partir de 14h00, des initiations \u00e0 de nombreuses activit\u00e9s seront propos\u00e9es par les animatrices et animateurs du <a href=\"https:\/\/www.pays-clermontois.fr\/page-presentation-du-cal_12_22_258.html\" target=\"_blank\" rel=\"noopener\">Centre d&rsquo;Animation et de Loisirs<\/a> : activit\u00e9s sportives, artistiques, pour le bien-\u00eatre, musicales&#8230;<\/p>\n<p>Un stand d&rsquo;\u00e9checs y sera tenu par Daniel M\u00e9nard, Luc Fancelli (Luc sera pr\u00e9sent dimanche ayant la f\u00eate de son village samedi) et moi-m\u00eame.<\/p>\n<p>La semaine suivante deux stages d&rsquo;\u00e9checs sont au programme :<\/p>\n<ul>\n<li>Stage INITIATION &#8211; \u00ab\u00a0Apprenez \u00e0 jouer aux \u00e9checs en 2h\u00a0\u00bb &#8211; Vendredi 9 juillet de 10h00 \u00e0 12h00<\/li>\n<li>Stage PERFECTIONNEMENT &#8211; \u00ab\u00a0Am\u00e9liorez-vous aux \u00e9checs\u00a0\u00bb &#8211; Mercredi 7, jeudi 8 et vendredi 9 juillet de 14h30 \u00e0 16h30<\/li>\n<\/ul>\n<p>L&rsquo;objectif est de lancer une activit\u00e9 \u00e9chiqu\u00e9enne \u00e0 la rentr\u00e9e de septembre et \u00e0 terme de cr\u00e9er un club.<\/p>\n<p>Merci \u00e0 Jacques Dumoulin pour le pr\u00eat de l&rsquo;\u00e9chiquier g\u00e9ant du club de Beauvais.<\/p>\n<p>En esp\u00e9rant un week-end ensoleill\u00e9 et peut-\u00eatre croiser des \u00e9ch\u00e9philes isariens \u00e0 cette f\u00eate.<\/p>\n<p>AmiCALement \ud83d\ude09<\/p>\n<hr \/>\n<p>Malheureusement, le dimanche de la f\u00eate du CAL a \u00e9t\u00e9 annul\u00e9 en raison de la m\u00e9t\u00e9o et le stage perfectionnement a lui aussi \u00e9t\u00e9 annul\u00e9 en raison d&rsquo;un nombre insuffisant d&rsquo;inscrits. Je pense que la p\u00e9riode : d\u00e9but des vacances d&rsquo;\u00e9t\u00e9, d\u00e9confinement a jou\u00e9 en d\u00e9faveur de ce stage car les pr\u00e9c\u00e9dents organis\u00e9s pendant les vacances de f\u00e9vrier avait \u00e9t\u00e9 complets.<\/p>\n<p>Heureusement, plusieurs motifs d&rsquo;\u00eatre r\u00e9joui :<\/p>\n<p>Le Jeu de la Dame a certainement eu un impact important et que cela soit le samedi \u00e0 la f\u00eate ou le vendredi d&rsquo;apr\u00e8s au stage d&rsquo;initiation, nous avons constat\u00e9 la venue de f\u00e9minines en nombre sup\u00e9rieur par rapport \u00e0 l&rsquo;accoutum\u00e9e et en les interrogeant : oui la s\u00e9rie a \u00e9t\u00e9 un facteur d\u00e9clenchant.<br \/>\nAu stage d&rsquo;initiation : des jeunes filles, une maman et une mamie !<\/p>\n<p>Le lancement de l&rsquo;activit\u00e9 \u00e9checs au sein du CAL \u00e0 la rentr\u00e9e devrait conna\u00eetre le succ\u00e8s. Daniel est motiv\u00e9 et est d&rsquo;ailleurs venu m&rsquo;assister lors du stage.<\/p>\n<p>Un contact avec une participante de ce stage d&rsquo;initiation qui est institutrice a \u00e9t\u00e9 pris pour une intervention dans son \u00e9cole courant septembre.<\/p>\n","protected":false},"excerpt":{"rendered":"<p>Mise \u00e0 jour du 4 juillet 13h : compte tenu de la m\u00e9t\u00e9o, l&rsquo;apr\u00e8s-midi du 4 juillet est annul\u00e9e &nbsp;<\/p>\n","protected":false},"author":1,"featured_media":9584,"comment_status":"open","ping_status":"open","sticky":false,"template":"","format":"standard","meta":{"colormag_page_container_layout":"default_layout","colormag_page_sidebar_layout":"default_layout","jetpack_post_was_ever_published":false,"_jetpack_newsletter_access":"","_jetpack_dont_email_post_to_subs":false,"_jetpack_newsletter_tier_id":0,"_jetpack_memberships_contains_paywalled_content":false,"_jetpack_memberships_contains_paid_content":false,"footnotes":"","jetpack_publicize_message":"","jetpack_publicize_feature_enabled":true,"jetpack_social_post_already_shared":true,"jetpack_social_options":{"image_generator_settings":{"template":"highway","default_image_id":0,"font":"","enabled":false},"version":2}},"categories":[3],"tags":[],"class_list":["post-10108","post","type-post","status-publish","format-standard","has-post-thumbnail","hentry","category-manifestations"],"jetpack_publicize_connections":[],"jetpack_featured_media_url":"https:\/\/oise-echecs.fr\/wp-content\/uploads\/2021\/02\/cal1.jpg","jetpack_sharing_enabled":true,"jetpack_shortlink":"https:\/\/wp.me\/p90hcv-2D2","_links":{"self":[{"href":"https:\/\/oise-echecs.fr\/index.php?rest_route=\/wp\/v2\/posts\/10108","targetHints":{"allow":["GET"]}}],"collection":[{"href":"https:\/\/oise-echecs.fr\/index.php?rest_route=\/wp\/v2\/posts"}],"about":[{"href":"https:\/\/oise-echecs.fr\/index.php?rest_route=\/wp\/v2\/types\/post"}],"author":[{"embeddable":true,"href":"https:\/\/oise-echecs.fr\/index.php?rest_route=\/wp\/v2\/users\/1"}],"replies":[{"embeddable":true,"href":"https:\/\/oise-echecs.fr\/index.php?rest_route=%2Fwp%2Fv2%2Fcomments&post=10108"}],"version-history":[{"count":11,"href":"https:\/\/oise-echecs.fr\/index.php?rest_route=\/wp\/v2\/posts\/10108\/revisions"}],"predecessor-version":[{"id":10142,"href":"https:\/\/oise-echecs.fr\/index.php?rest_route=\/wp\/v2\/posts\/10108\/revisions\/10142"}],"wp:featuredmedia":[{"embeddable":true,"href":"https:\/\/oise-echecs.fr\/index.php?rest_route=\/wp\/v2\/media\/9584"}],"wp:attachment":[{"href":"https:\/\/oise-echecs.fr\/index.php?rest_route=%2Fwp%2Fv2%2Fmedia&parent=10108"}],"wp:term":[{"taxonomy":"category","embeddable":true,"href":"https:\/\/oise-echecs.fr\/index.php?rest_route=%2Fwp%2Fv2%2Fcategories&post=10108"},{"taxonomy":"post_tag","embeddable":true,"href":"https:\/\/oise-echecs.fr\/index.php?rest_route=%2Fwp%2Fv2%2Ftags&post=10108"}],"curies":[{"name":"wp","href":"https:\/\/api.w.org\/{rel}","templated":true}]}}