{"id":10119,"date":"2021-07-04T11:13:18","date_gmt":"2021-07-04T10:13:18","guid":{"rendered":"http:\/\/oise-echecs.fr\/?p=10119"},"modified":"2021-07-04T11:57:53","modified_gmt":"2021-07-04T10:57:53","slug":"fete-du-village-de-precy","status":"publish","type":"post","link":"https:\/\/oise-echecs.fr\/?p=10119","title":{"rendered":"FETE DU VILLAGE DE PRECY"},"content":{"rendered":"<p>par Sophie Fancelli, pr\u00e9sidente de Droit Au Mat :<\/p>\n<hr \/>\n<p><span style=\"color: #993300;\"><em>Quel plaisir de sortir de nouveau tables &amp; jeux hier samedi 3 juillet pour la F\u00eate du Village ! Plus de 70 participants venus apprendre ou jouer avec nous. Merci \u00e0 nos 5 b\u00e9n\u00e9voles pour la tenue du stand &amp; \u00e0 la municipalit\u00e9 pour l&rsquo;organisation.<\/em><\/span><\/p>\n<p><span style=\"color: #993300;\"><em>Prochain rendez-vous \u00e0 Pr\u00e9cy-sur-Oise : animation le mardi 20 juillet de 18h \u00e0 20h aux Erables pour la Journ\u00e9e Mondiale des Echecs (ONU).<\/em><\/span><\/p>\n<hr \/>\n<p>&nbsp;<\/p>\n","protected":false},"excerpt":{"rendered":"<p>par Sophie Fancelli, pr\u00e9sidente de Droit Au Mat : Quel plaisir de sortir de nouveau tables &amp; jeux hier samedi<\/p>\n","protected":false},"author":2,"featured_media":10120,"comment_status":"open","ping_status":"open","sticky":false,"template":"","format":"standard","meta":{"colormag_page_container_layout":"default_layout","colormag_page_sidebar_layout":"default_layout","jetpack_post_was_ever_published":false,"_jetpack_newsletter_access":"","_jetpack_dont_email_post_to_subs":false,"_jetpack_newsletter_tier_id":0,"_jetpack_memberships_contains_paywalled_content":false,"_jetpack_memberships_contains_paid_content":false,"footnotes":"","jetpack_publicize_message":"","jetpack_publicize_feature_enabled":true,"jetpack_social_post_already_shared":true,"jetpack_social_options":{"image_generator_settings":{"template":"highway","default_image_id":0,"font":"","enabled":false},"version":2}},"categories":[3],"tags":[],"class_list":["post-10119","post","type-post","status-publish","format-standard","has-post-thumbnail","hentry","category-manifestations"],"jetpack_publicize_connections":[],"jetpack_featured_media_url":"https:\/\/oise-echecs.fr\/wp-content\/uploads\/2021\/07\/Precy-Fete-2020-retouchee-scaled.jpg","jetpack_sharing_enabled":true,"jetpack_shortlink":"https:\/\/wp.me\/p90hcv-2Dd","_links":{"self":[{"href":"https:\/\/oise-echecs.fr\/index.php?rest_route=\/wp\/v2\/posts\/10119","targetHints":{"allow":["GET"]}}],"collection":[{"href":"https:\/\/oise-echecs.fr\/index.php?rest_route=\/wp\/v2\/posts"}],"about":[{"href":"https:\/\/oise-echecs.fr\/index.php?rest_route=\/wp\/v2\/types\/post"}],"author":[{"embeddable":true,"href":"https:\/\/oise-echecs.fr\/index.php?rest_route=\/wp\/v2\/users\/2"}],"replies":[{"embeddable":true,"href":"https:\/\/oise-echecs.fr\/index.php?rest_route=%2Fwp%2Fv2%2Fcomments&post=10119"}],"version-history":[{"count":2,"href":"https:\/\/oise-echecs.fr\/index.php?rest_route=\/wp\/v2\/posts\/10119\/revisions"}],"predecessor-version":[{"id":10122,"href":"https:\/\/oise-echecs.fr\/index.php?rest_route=\/wp\/v2\/posts\/10119\/revisions\/10122"}],"wp:featuredmedia":[{"embeddable":true,"href":"https:\/\/oise-echecs.fr\/index.php?rest_route=\/wp\/v2\/media\/10120"}],"wp:attachment":[{"href":"https:\/\/oise-echecs.fr\/index.php?rest_route=%2Fwp%2Fv2%2Fmedia&parent=10119"}],"wp:term":[{"taxonomy":"category","embeddable":true,"href":"https:\/\/oise-echecs.fr\/index.php?rest_route=%2Fwp%2Fv2%2Fcategories&post=10119"},{"taxonomy":"post_tag","embeddable":true,"href":"https:\/\/oise-echecs.fr\/index.php?rest_route=%2Fwp%2Fv2%2Ftags&post=10119"}],"curies":[{"name":"wp","href":"https:\/\/api.w.org\/{rel}","templated":true}]}}