{"id":10219,"date":"2021-08-19T17:12:23","date_gmt":"2021-08-19T16:12:23","guid":{"rendered":"http:\/\/oise-echecs.fr\/?p=10219"},"modified":"2021-08-19T17:12:23","modified_gmt":"2021-08-19T16:12:23","slug":"saint-just-samedi-28-aout","status":"publish","type":"post","link":"https:\/\/oise-echecs.fr\/?p=10219","title":{"rendered":"SAINT-JUST &#8211; SAMEDI 28 AO\u00dbT"},"content":{"rendered":"<p>Message de Gervais Maupin, Pr\u00e9sident des Tours Infernales de Saint-Just-en-Chauss\u00e9e :<\/p>\n<hr \/>\n<p><span style=\"color: #993300;\"><em>Le club des Tours Infernales est ferm\u00e9 pour le mois d&rsquo;ao\u00fbt.<\/em><\/span><br \/>\n<span style=\"color: #993300;\"><em>La r\u00e9ouverture est pr\u00e9vue pour le vendredi 3 septembre \u00e0 partir de 20h00 \u00e0 la salle des a\u00een\u00e9s et le samedi 4 septembre \u00e0 partir de 15h00 au centre socio-culturel.<\/em><\/span><\/p>\n<p><span style=\"color: #993300;\"><em>En attendant, le club d&rsquo;\u00e9checs de Saint Just sera pr\u00e9sent au forum des associations le samedi 28 ao\u00fbt dans la galerie marchande du Centre Leclerc.<\/em><\/span><br \/>\n<span style=\"color: #993300;\"><em>Nous esp\u00e9rons que les visiteurs int\u00e9ress\u00e9s rejoindront notre club en septembre.<\/em><\/span><\/p>\n<hr \/>\n<p>L&rsquo;affiche compl\u00e8te ici :<\/p>\n<p><a href=\"http:\/\/oise-echecs.fr\/wp-content\/uploads\/2021\/08\/Forum-des-associations-a-St-Just-le-28-08-2021-FLYER.pdf\" target=\"_blank\" rel=\"noopener\">Forum des associations \u00e0 St Just le 28-08-2021 &#8211; FLYER<\/a><\/p>\n<p>Venez nombreux !<\/p>\n<p>&nbsp;<\/p>\n<p>&nbsp;<\/p>\n","protected":false},"excerpt":{"rendered":"<p>Message de Gervais Maupin, Pr\u00e9sident des Tours Infernales de Saint-Just-en-Chauss\u00e9e : Le club des Tours Infernales est ferm\u00e9 pour le<\/p>\n","protected":false},"author":2,"featured_media":10222,"comment_status":"open","ping_status":"open","sticky":false,"template":"","format":"standard","meta":{"colormag_page_container_layout":"default_layout","colormag_page_sidebar_layout":"default_layout","jetpack_post_was_ever_published":false,"_jetpack_newsletter_access":"","_jetpack_dont_email_post_to_subs":false,"_jetpack_newsletter_tier_id":0,"_jetpack_memberships_contains_paywalled_content":false,"_jetpack_memberships_contains_paid_content":false,"footnotes":"","jetpack_publicize_message":"","jetpack_publicize_feature_enabled":true,"jetpack_social_post_already_shared":true,"jetpack_social_options":{"image_generator_settings":{"template":"highway","default_image_id":0,"font":"","enabled":false},"version":2}},"categories":[3],"tags":[],"class_list":["post-10219","post","type-post","status-publish","format-standard","has-post-thumbnail","hentry","category-manifestations"],"jetpack_publicize_connections":[],"jetpack_featured_media_url":"https:\/\/oise-echecs.fr\/wp-content\/uploads\/2021\/08\/affiche-partielle-St-Just-forum-2021.png","jetpack_sharing_enabled":true,"jetpack_shortlink":"https:\/\/wp.me\/p90hcv-2EP","_links":{"self":[{"href":"https:\/\/oise-echecs.fr\/index.php?rest_route=\/wp\/v2\/posts\/10219","targetHints":{"allow":["GET"]}}],"collection":[{"href":"https:\/\/oise-echecs.fr\/index.php?rest_route=\/wp\/v2\/posts"}],"about":[{"href":"https:\/\/oise-echecs.fr\/index.php?rest_route=\/wp\/v2\/types\/post"}],"author":[{"embeddable":true,"href":"https:\/\/oise-echecs.fr\/index.php?rest_route=\/wp\/v2\/users\/2"}],"replies":[{"embeddable":true,"href":"https:\/\/oise-echecs.fr\/index.php?rest_route=%2Fwp%2Fv2%2Fcomments&post=10219"}],"version-history":[{"count":3,"href":"https:\/\/oise-echecs.fr\/index.php?rest_route=\/wp\/v2\/posts\/10219\/revisions"}],"predecessor-version":[{"id":10224,"href":"https:\/\/oise-echecs.fr\/index.php?rest_route=\/wp\/v2\/posts\/10219\/revisions\/10224"}],"wp:featuredmedia":[{"embeddable":true,"href":"https:\/\/oise-echecs.fr\/index.php?rest_route=\/wp\/v2\/media\/10222"}],"wp:attachment":[{"href":"https:\/\/oise-echecs.fr\/index.php?rest_route=%2Fwp%2Fv2%2Fmedia&parent=10219"}],"wp:term":[{"taxonomy":"category","embeddable":true,"href":"https:\/\/oise-echecs.fr\/index.php?rest_route=%2Fwp%2Fv2%2Fcategories&post=10219"},{"taxonomy":"post_tag","embeddable":true,"href":"https:\/\/oise-echecs.fr\/index.php?rest_route=%2Fwp%2Fv2%2Ftags&post=10219"}],"curies":[{"name":"wp","href":"https:\/\/api.w.org\/{rel}","templated":true}]}}