{"id":10257,"date":"2021-09-07T20:09:37","date_gmt":"2021-09-07T19:09:37","guid":{"rendered":"http:\/\/oise-echecs.fr\/?p=10257"},"modified":"2021-09-09T18:11:48","modified_gmt":"2021-09-09T17:11:48","slug":"forum-des-associations-precy-sur-oise-samedi-11-septembre","status":"publish","type":"post","link":"https:\/\/oise-echecs.fr\/?p=10257","title":{"rendered":"SAMEDI 11 SEPTEMBRE &#8211; MAIGNELAY-MONTIGNY ET PRECY"},"content":{"rendered":"<p>2 forums des associations sont annonc\u00e9s pour le samedi 11 septembre :<\/p>\n<ul>\n<li>Maignelay-Montigny de 10h \u00e0 17h<\/li>\n<li>Pr\u00e9cy-sur-Oise de 14h \u00e0 18h<\/li>\n<\/ul>\n<p>Venez nombreux !<\/p>\n<p>&nbsp;<\/p>\n<p>MAIGNELAY-MONTIGNY :<\/p>\n<p><img loading=\"lazy\" decoding=\"async\" class=\"alignnone size-medium wp-image-10270\" src=\"http:\/\/oise-echecs.fr\/wp-content\/uploads\/2021\/09\/Forum-des-associations-11-septembre-2021-Maignelay-212x300.jpg\" alt=\"\" width=\"212\" height=\"300\" srcset=\"https:\/\/oise-echecs.fr\/wp-content\/uploads\/2021\/09\/Forum-des-associations-11-septembre-2021-Maignelay-212x300.jpg 212w, https:\/\/oise-echecs.fr\/wp-content\/uploads\/2021\/09\/Forum-des-associations-11-septembre-2021-Maignelay-724x1024.jpg 724w, https:\/\/oise-echecs.fr\/wp-content\/uploads\/2021\/09\/Forum-des-associations-11-septembre-2021-Maignelay-768x1087.jpg 768w, https:\/\/oise-echecs.fr\/wp-content\/uploads\/2021\/09\/Forum-des-associations-11-septembre-2021-Maignelay-1085x1536.jpg 1085w, https:\/\/oise-echecs.fr\/wp-content\/uploads\/2021\/09\/Forum-des-associations-11-septembre-2021-Maignelay.jpg 1240w\" sizes=\"auto, (max-width: 212px) 100vw, 212px\" \/><\/p>\n<p>Message de Pascal Frazao :<\/p>\n<hr \/>\n<div class=\"default-style\"><span style=\"color: #993300;\"><em>Apr\u00e8s la p\u00e9riode estivale, les affaires reprennent :<\/em><\/span><\/div>\n<div class=\"default-style\"><span style=\"color: #993300;\"><em>1- Assembl\u00e9e g\u00e9n\u00e9rale le Vendredi 3 Septembre<\/em><\/span><\/div>\n<div class=\"default-style\"><span style=\"color: #993300;\"><em>2- Forum des associations le 11 Septembre<\/em><\/span><\/div>\n<div class=\"default-style\"><span style=\"color: #993300;\"><em>3- Reprise des entra\u00eenements, \u00e0 partir du 17 Septembre, Espace Duquesnel \u00e0 19h30.<\/em><\/span><\/div>\n<div class=\"default-style\"><span style=\"color: #993300;\"><em>(tel : 03 44 51 27 54)<\/em><\/span><\/div>\n<div class=\"default-style\"><span style=\"color: #993300;\"><em>Pour le Grand Prix de l&rsquo;Oise, le club de Maignelay a pris une option pour le Dimanche 27 F\u00e9vrier.<\/em><\/span><\/div>\n<div class=\"default-style\"><\/div>\n<div class=\"default-style\"><span style=\"color: #993300;\"><em>Bonne rentr\u00e9e \u00e0 tous.<\/em><\/span><\/div>\n<hr \/>\n<p>&nbsp;<\/p>\n<p>PRECY-SUR-OISE :<\/p>\n<p><img loading=\"lazy\" decoding=\"async\" class=\"alignnone size-medium wp-image-10260\" src=\"http:\/\/oise-echecs.fr\/wp-content\/uploads\/2021\/09\/Forum-des-Associations-Precy-2021-223x300.png\" alt=\"\" width=\"223\" height=\"300\" srcset=\"https:\/\/oise-echecs.fr\/wp-content\/uploads\/2021\/09\/Forum-des-Associations-Precy-2021-223x300.png 223w, https:\/\/oise-echecs.fr\/wp-content\/uploads\/2021\/09\/Forum-des-Associations-Precy-2021.png 577w\" sizes=\"auto, (max-width: 223px) 100vw, 223px\" \/><\/p>\n<p>Message de Sophie Fancelli, pr\u00e9sidente de Droit Au Mat :<\/p>\n<hr \/>\n<p><span style=\"color: #993300;\"><em>Venez nous retrouver de 14h \u00e0 18h au complexe sportif Fabrice Morgado. Comme chaque ann\u00e9e, des \u00e9chiquiers seront \u00e0 disposition pour apprendre ou jouer.<\/em><\/span><\/p>\n<p><span style=\"color: #993300;\"><em>Nouveaut\u00e9 2021-2022 : si vous trouvez que nos s\u00e9ances du jeudi soir ne suffisent pas, notre club lance des activit\u00e9s en ligne (cours collectifs, tournois, etc&#8230;).<\/em><\/span><\/p>\n<p><span style=\"color: #993300;\"><em>Notre d\u00e9pliant ici : <a href=\"http:\/\/oise-echecs.fr\/wp-content\/uploads\/2021\/09\/DROIT-AU-MAT-depliant-6-pages-A5.pdf\" target=\"_blank\" rel=\"noopener\">depliant DROIT AU MAT<\/a><\/em><\/span><\/p>\n<p><span style=\"color: #993300;\"><em>Notre bulletin d&rsquo;adh\u00e9sion ici : <span style=\"font-family: Liberation Serif, serif;\"><span style=\"font-size: medium;\"><a style=\"color: #993300;\" href=\"https:\/\/www.helloasso.com\/associations\/droit-au-mat\/adhesions\/droit-au-mat-2021-2022\" target=\"_blank\" rel=\"noopener\">https:\/\/www.helloasso.com\/associations\/droit-au-mat\/adhesions\/droit-au-mat-2021-2022<\/a><\/span><\/span><\/em><\/span><\/p>\n<p><span style=\"color: #993300;\"><em>Au plaisir de vous retrouver\/rencontrer le 11 !<\/em><\/span><\/p>\n<hr \/>\n<p>Venue au Forum des Associations de Pr\u00e9cy-sur-Oise : pass sanitaire &amp; masque obligatoires.<\/p>\n","protected":false},"excerpt":{"rendered":"<p>2 forums des associations sont annonc\u00e9s pour le samedi 11 septembre : Maignelay-Montigny de 10h \u00e0 17h Pr\u00e9cy-sur-Oise de 14h<\/p>\n","protected":false},"author":2,"featured_media":10268,"comment_status":"open","ping_status":"open","sticky":false,"template":"","format":"standard","meta":{"colormag_page_container_layout":"default_layout","colormag_page_sidebar_layout":"default_layout","jetpack_post_was_ever_published":false,"_jetpack_newsletter_access":"","_jetpack_dont_email_post_to_subs":false,"_jetpack_newsletter_tier_id":0,"_jetpack_memberships_contains_paywalled_content":false,"_jetpack_memberships_contains_paid_content":false,"footnotes":"","jetpack_publicize_message":"","jetpack_publicize_feature_enabled":true,"jetpack_social_post_already_shared":true,"jetpack_social_options":{"image_generator_settings":{"template":"highway","default_image_id":0,"font":"","enabled":false},"version":2}},"categories":[3],"tags":[],"class_list":["post-10257","post","type-post","status-publish","format-standard","has-post-thumbnail","hentry","category-manifestations"],"jetpack_publicize_connections":[],"jetpack_featured_media_url":"https:\/\/oise-echecs.fr\/wp-content\/uploads\/2021\/09\/langfr-220px-Logo_Departement_Oise.svg_.png","jetpack_sharing_enabled":true,"jetpack_shortlink":"https:\/\/wp.me\/p90hcv-2Fr","_links":{"self":[{"href":"https:\/\/oise-echecs.fr\/index.php?rest_route=\/wp\/v2\/posts\/10257","targetHints":{"allow":["GET"]}}],"collection":[{"href":"https:\/\/oise-echecs.fr\/index.php?rest_route=\/wp\/v2\/posts"}],"about":[{"href":"https:\/\/oise-echecs.fr\/index.php?rest_route=\/wp\/v2\/types\/post"}],"author":[{"embeddable":true,"href":"https:\/\/oise-echecs.fr\/index.php?rest_route=\/wp\/v2\/users\/2"}],"replies":[{"embeddable":true,"href":"https:\/\/oise-echecs.fr\/index.php?rest_route=%2Fwp%2Fv2%2Fcomments&post=10257"}],"version-history":[{"count":8,"href":"https:\/\/oise-echecs.fr\/index.php?rest_route=\/wp\/v2\/posts\/10257\/revisions"}],"predecessor-version":[{"id":10275,"href":"https:\/\/oise-echecs.fr\/index.php?rest_route=\/wp\/v2\/posts\/10257\/revisions\/10275"}],"wp:featuredmedia":[{"embeddable":true,"href":"https:\/\/oise-echecs.fr\/index.php?rest_route=\/wp\/v2\/media\/10268"}],"wp:attachment":[{"href":"https:\/\/oise-echecs.fr\/index.php?rest_route=%2Fwp%2Fv2%2Fmedia&parent=10257"}],"wp:term":[{"taxonomy":"category","embeddable":true,"href":"https:\/\/oise-echecs.fr\/index.php?rest_route=%2Fwp%2Fv2%2Fcategories&post=10257"},{"taxonomy":"post_tag","embeddable":true,"href":"https:\/\/oise-echecs.fr\/index.php?rest_route=%2Fwp%2Fv2%2Ftags&post=10257"}],"curies":[{"name":"wp","href":"https:\/\/api.w.org\/{rel}","templated":true}]}}