{"id":11167,"date":"2022-09-19T01:32:41","date_gmt":"2022-09-19T00:32:41","guid":{"rendered":"http:\/\/oise-echecs.fr\/?p=11167"},"modified":"2022-09-19T06:58:06","modified_gmt":"2022-09-19T05:58:06","slug":"fahim-sur-france-3","status":"publish","type":"post","link":"https:\/\/oise-echecs.fr\/?p=11167","title":{"rendered":"Fahim sur France 3"},"content":{"rendered":"<p>Dominique Ruin de l&rsquo;Echiquier Beauvaisien vient de m\u2019informer que le film <strong>Fahim<\/strong> est programm\u00e9 sur France 3 le lundi 19 septembre \u00e0 21h00. Je m\u2019empresse \u00e0 mon tour de vous le signaler si vous ne l\u2019avez pas vu ou envie de le revoir.<\/p>\n<p>Ce film inspir\u00e9 d\u2019une histoire vraie m\u2019\u00e9voque beaucoup de choses. Lors d\u2019un championnat jeunes isarien, de nombreux enfants et leurs parents avaient pu le d\u00e9couvrir au cin\u00e9ma le Majestic de Jaux\/Compi\u00e8gne. Le championnat jeunes de 2019 s\u2019\u00e9tait en effet d\u00e9roul\u00e9 dans ce cin\u00e9ma et ses responsables avaient jou\u00e9 le jeu avec le comit\u00e9 de l\u2019Oise pour faire de cet \u00e9v\u00e8nement une inoubliable f\u00eate des \u00e9checs. <a href=\"http:\/\/oise-echecs.fr\/?p=8169\" target=\"_blank\" rel=\"noopener\">Voir article<\/a>.<\/p>\n<p>G\u00e9rard Depardieu incarne dans ce film l\u2019entra\u00eeneur de Fahim. Dans la vraie vie, c\u2019\u00e9tait Xavier Parmentier, qui nous a malheureusement quitt\u00e9s. Il a \u00e9crit plusieurs livres de grande qualit\u00e9 sur les \u00e9checs. Apr\u00e8s lecture de son ouvrage <strong>Une Boussole sur l\u2019Echiquier<\/strong>, je lui avais envoy\u00e9 un email pour le remercier tant je l&rsquo;avais trouv\u00e9 int\u00e9ressant, utile et livrant une vision originale du jeu. Quelle ne fut pas ma surprise de recevoir une r\u00e9ponse dans la minute de sa part alors que celui-ci devait \u00eatre tr\u00e8s pris.<\/p>\n<p>Fahim et Xavier furent invit\u00e9s sur plusieurs plateaux t\u00e9l\u00e9. L\u2019histoire de Fahim avait touch\u00e9 beaucoup de gens et fait vivre la devise des \u00e9checs : GENS UNA SUMUS. <a href=\"https:\/\/www.youtube.com\/watch?v=DwytY3LtHNw\" target=\"_blank\" rel=\"noopener\">Voir passage chez Ardisson<\/a>.<\/p>\n<p>&nbsp;<\/p>\n<hr \/>\n<p><span style=\"color: #993300;\"><em>De nombreux joueurs d&rsquo;\u00e9checs \u00e9taient figurants dans ce film, un jeune de Senlis et le Pr\u00e9sident du CDJEO\u00a0 \ud83d\ude42 . Cherchez le nombre de fois que l&rsquo;on peut le voir&#8230; furtivement ou pas. R\u00e9ponse mardi<\/em><\/span><\/p>\n","protected":false},"excerpt":{"rendered":"<p>Dominique Ruin de l&rsquo;Echiquier Beauvaisien vient de m\u2019informer que le film Fahim est programm\u00e9 sur France 3 le lundi 19<\/p>\n","protected":false},"author":1,"featured_media":8139,"comment_status":"open","ping_status":"open","sticky":false,"template":"","format":"standard","meta":{"colormag_page_container_layout":"default_layout","colormag_page_sidebar_layout":"default_layout","jetpack_post_was_ever_published":false,"_jetpack_newsletter_access":"","_jetpack_dont_email_post_to_subs":false,"_jetpack_newsletter_tier_id":0,"_jetpack_memberships_contains_paywalled_content":false,"_jetpack_memberships_contains_paid_content":false,"footnotes":"","jetpack_publicize_message":"","jetpack_publicize_feature_enabled":true,"jetpack_social_post_already_shared":true,"jetpack_social_options":{"image_generator_settings":{"template":"highway","default_image_id":0,"font":"","enabled":false},"version":2}},"categories":[1],"tags":[],"class_list":["post-11167","post","type-post","status-publish","format-standard","has-post-thumbnail","hentry","category-divers"],"jetpack_publicize_connections":[],"jetpack_featured_media_url":"https:\/\/oise-echecs.fr\/wp-content\/uploads\/2019\/10\/affiche-Fahim.jpg","jetpack_sharing_enabled":true,"jetpack_shortlink":"https:\/\/wp.me\/p90hcv-2U7","_links":{"self":[{"href":"https:\/\/oise-echecs.fr\/index.php?rest_route=\/wp\/v2\/posts\/11167","targetHints":{"allow":["GET"]}}],"collection":[{"href":"https:\/\/oise-echecs.fr\/index.php?rest_route=\/wp\/v2\/posts"}],"about":[{"href":"https:\/\/oise-echecs.fr\/index.php?rest_route=\/wp\/v2\/types\/post"}],"author":[{"embeddable":true,"href":"https:\/\/oise-echecs.fr\/index.php?rest_route=\/wp\/v2\/users\/1"}],"replies":[{"embeddable":true,"href":"https:\/\/oise-echecs.fr\/index.php?rest_route=%2Fwp%2Fv2%2Fcomments&post=11167"}],"version-history":[{"count":10,"href":"https:\/\/oise-echecs.fr\/index.php?rest_route=\/wp\/v2\/posts\/11167\/revisions"}],"predecessor-version":[{"id":11177,"href":"https:\/\/oise-echecs.fr\/index.php?rest_route=\/wp\/v2\/posts\/11167\/revisions\/11177"}],"wp:featuredmedia":[{"embeddable":true,"href":"https:\/\/oise-echecs.fr\/index.php?rest_route=\/wp\/v2\/media\/8139"}],"wp:attachment":[{"href":"https:\/\/oise-echecs.fr\/index.php?rest_route=%2Fwp%2Fv2%2Fmedia&parent=11167"}],"wp:term":[{"taxonomy":"category","embeddable":true,"href":"https:\/\/oise-echecs.fr\/index.php?rest_route=%2Fwp%2Fv2%2Fcategories&post=11167"},{"taxonomy":"post_tag","embeddable":true,"href":"https:\/\/oise-echecs.fr\/index.php?rest_route=%2Fwp%2Fv2%2Ftags&post=11167"}],"curies":[{"name":"wp","href":"https:\/\/api.w.org\/{rel}","templated":true}]}}