{"id":11413,"date":"2022-12-30T08:10:29","date_gmt":"2022-12-30T07:10:29","guid":{"rendered":"http:\/\/oise-echecs.fr\/?p=11413"},"modified":"2024-10-19T20:30:18","modified_gmt":"2024-10-19T19:30:18","slug":"nationale-2-feminines-dimanche-8-janvier-a-precy-sur-oise","status":"publish","type":"post","link":"https:\/\/oise-echecs.fr\/?p=11413","title":{"rendered":"Nationale 2 F\u00e9minines dimanche 8 janvier \u00e0 Pr\u00e9cy-sur-Oise"},"content":{"rendered":"<p>3 \u00e9quipes de N2F se sont rencontr\u00e9es \u00e0 Pr\u00e9cy-sur-Oise ce dimanche. Une de Pr\u00e9cy-sur-Oise (Droit au Mat &#8211; DAM) et 2 de Senlis.<\/p>\n<p>1\u00e8re DAM suivie de SENLIS 2 puis SENLIS 1.<\/p>\n<p>F\u00e9licitations aux joueuses, aux accompagnatrices et accompagnateurs. Et surtout la Pr\u00e9sidente de DAM qui a fourni \u00e0 toutes les joueuses des magnifiques cadeaux d&rsquo;Echecs sign\u00e9s \u00ab\u00a0Miss BOLL\u00a0\u00bb, qui est sp\u00e9cialiste dans ce type de cadeaux.<\/p>\n<p>Le lien pour voir les parties ici : \u00a0<a href=\"https:\/\/view.livechesscloud.com\/#24fa2624-890c-488b-b269-671d03c4ba02\" target=\"_blank\" rel=\"noopener\">https:\/\/view.livechesscloud.com#24fa2624-890c-488b-b269-671d03c4ba02<\/a> (expire le 22 janvier)<\/p>\n<p>&nbsp;<\/p>\n<p>Des photos \u00e0 venir\u00a0 : <a title=\"Ouvrir\/voir cet album\" href=\"https:\/\/album.zaclys.com\/ECHECS-N2F-ZID-PICARDIE-2022-2023,a75,100413\" target=\"_blank\" rel=\"noopener\"><img decoding=\"async\" style=\"border: 0; margin: 0; padding: 0;\" src=\"https:\/\/album.zaclys.com\/download.php?src=3&amp;doc_id=7390814&amp;v=1673196256\" \/><\/a><br \/>\n<strong>ECHECS N2F ZID PICARDIE 2022-2023<\/strong><\/p>\n<p>&nbsp;<\/p>\n<hr \/>\n<p>Droit Au Mat est ravi d&rsquo;accueillir la Nationale 2 F\u00e9minines \u00e0 Pr\u00e9cy-sur-Oise (60) le dimanche 8 janvier 2023.<\/p>\n<p>Conditions de participation :<\/p>\n<ul>\n<li>\u00e9quipes de 4 joueuses licenci\u00e9es A<\/li>\n<li>ententes possibles entre 2 voire 3 clubs<\/li>\n<\/ul>\n<p>Pour une meilleure organisation et un meilleur accueil, SVP, inscriptions aupr\u00e8s de l&rsquo;arbitre Luc Fancelli (<a href=\"mailto:lfpic60e@aol.com\">lfpic60e@aol.com<\/a>).<\/p>\n<p><span style=\"color: #444444;\"><span style=\"font-family: Liberation Serif, serif;\"><span style=\"font-size: medium;\"><strong>Informations pratiques :<\/strong><\/span><\/span><\/span><\/p>\n<ul type=\"square\">\n<li><span style=\"color: #444444;\"><span style=\"font-family: Liberation Serif, serif;\"><span style=\"font-size: medium;\">salle de jeu : salle dite \u00ab\u00a0des Anciens\u00a0\u00bb situ\u00e9e dans le Parc des\u00a0<\/span><\/span><\/span><span style=\"color: #444444; font-family: Liberation Serif, serif; font-size: medium;\">\u00c9rables<\/span><\/li>\n<li><span style=\"color: #444444; font-family: Liberation Serif, serif; font-size: medium;\">entr\u00e9e du parc des \u00c9rables au niveau du 32, rue des Tournelles, \u00e0 Pr\u00e9cy-sur-Oise (60).<\/span><\/li>\n<li><span style=\"color: #444444;\"><span style=\"font-family: Liberation Serif, serif;\"><span style=\"font-size: medium;\">places de stationnement \u00e0 l\u2019ext\u00e9rieur du parc<\/span><\/span><\/span><\/li>\n<li><span style=\"color: #444444;\"><span style=\"font-family: Liberation Serif, serif;\"><span style=\"font-size: medium;\">pas de restauration sur place (uniquement du caf\u00e9, offert). Le village dispose de sympathiques commerces &amp;, s\u2019il fait beau, possibilit\u00e9 de pique-niquer dans le parc<\/span><\/span><\/span><\/li>\n<\/ul>\n<p>Joyeuses F\u00eates et \u00e0 bient\u00f4t \u00e0 Pr\u00e9cy-sur-Oise !<\/p>\n","protected":false},"excerpt":{"rendered":"<p>3 \u00e9quipes de N2F se sont rencontr\u00e9es \u00e0 Pr\u00e9cy-sur-Oise ce dimanche. Une de Pr\u00e9cy-sur-Oise (Droit au Mat &#8211; DAM) et<\/p>\n","protected":false},"author":2,"featured_media":11421,"comment_status":"open","ping_status":"open","sticky":false,"template":"","format":"standard","meta":{"colormag_page_container_layout":"default_layout","colormag_page_sidebar_layout":"default_layout","jetpack_post_was_ever_published":false,"_jetpack_newsletter_access":"","_jetpack_dont_email_post_to_subs":false,"_jetpack_newsletter_tier_id":0,"_jetpack_memberships_contains_paywalled_content":false,"_jetpack_memberships_contains_paid_content":false,"footnotes":"","jetpack_publicize_message":"","jetpack_publicize_feature_enabled":true,"jetpack_social_post_already_shared":true,"jetpack_social_options":{"image_generator_settings":{"template":"highway","default_image_id":0,"font":"","enabled":false},"version":2}},"categories":[9,6],"tags":[],"class_list":["post-11413","post","type-post","status-publish","format-standard","has-post-thumbnail","hentry","category-cadence-lente","category-feminines"],"jetpack_publicize_connections":[],"jetpack_featured_media_url":"https:\/\/oise-echecs.fr\/wp-content\/uploads\/2022\/12\/N2F-ZID-PIC-22-23-3-scaled.jpg","jetpack_sharing_enabled":true,"jetpack_shortlink":"https:\/\/wp.me\/p90hcv-2Y5","_links":{"self":[{"href":"https:\/\/oise-echecs.fr\/index.php?rest_route=\/wp\/v2\/posts\/11413","targetHints":{"allow":["GET"]}}],"collection":[{"href":"https:\/\/oise-echecs.fr\/index.php?rest_route=\/wp\/v2\/posts"}],"about":[{"href":"https:\/\/oise-echecs.fr\/index.php?rest_route=\/wp\/v2\/types\/post"}],"author":[{"embeddable":true,"href":"https:\/\/oise-echecs.fr\/index.php?rest_route=\/wp\/v2\/users\/2"}],"replies":[{"embeddable":true,"href":"https:\/\/oise-echecs.fr\/index.php?rest_route=%2Fwp%2Fv2%2Fcomments&post=11413"}],"version-history":[{"count":6,"href":"https:\/\/oise-echecs.fr\/index.php?rest_route=\/wp\/v2\/posts\/11413\/revisions"}],"predecessor-version":[{"id":11423,"href":"https:\/\/oise-echecs.fr\/index.php?rest_route=\/wp\/v2\/posts\/11413\/revisions\/11423"}],"wp:featuredmedia":[{"embeddable":true,"href":"https:\/\/oise-echecs.fr\/index.php?rest_route=\/wp\/v2\/media\/11421"}],"wp:attachment":[{"href":"https:\/\/oise-echecs.fr\/index.php?rest_route=%2Fwp%2Fv2%2Fmedia&parent=11413"}],"wp:term":[{"taxonomy":"category","embeddable":true,"href":"https:\/\/oise-echecs.fr\/index.php?rest_route=%2Fwp%2Fv2%2Fcategories&post=11413"},{"taxonomy":"post_tag","embeddable":true,"href":"https:\/\/oise-echecs.fr\/index.php?rest_route=%2Fwp%2Fv2%2Ftags&post=11413"}],"curies":[{"name":"wp","href":"https:\/\/api.w.org\/{rel}","templated":true}]}}