{"id":11554,"date":"2023-08-16T11:11:08","date_gmt":"2023-08-16T10:11:08","guid":{"rendered":"http:\/\/oise-echecs.fr\/?p=11554"},"modified":"2023-08-16T10:35:56","modified_gmt":"2023-08-16T09:35:56","slug":"village-estival-2023","status":"publish","type":"post","link":"https:\/\/oise-echecs.fr\/?p=11554","title":{"rendered":"\u00ab\u00a0Village Estival\u00a0\u00bb 2023"},"content":{"rendered":"<p>Comme chaque ann\u00e9e beaucoup de visiteurs sur notre stand (une moyenne de 60 par jour), et de belles surprises.<\/p>\n<p>Merci aux nombreuses personnes qui sont venue nous aider.<\/p>\n<p><a href=\"http:\/\/oise-echecs.fr\/wp-content\/uploads\/2023\/07\/1689593423197-scaled.jpg\" target=\"_blank\" rel=\"noopener\">Premi\u00e8re journ\u00e9e \u00e0 Puisieux le Hauberger<\/a><\/p>\n<p><a href=\"https:\/\/album.zaclys.com\/Village-Estival-2023,a75,103394\" target=\"_blank\" rel=\"noopener\">Album photo<\/a><\/p>\n<p>&nbsp;<\/p>\n<p>Comme chaque ann\u00e9e, le Conseil D\u00e9partemental organise le \u00ab\u00a0village estival\u00a0\u00bb durant le mois de juillet.<\/p>\n<p>Pour voir la carte avec les 9 lieux diff\u00e9rents <a href=\"http:\/\/oise-echecs.fr\/wp-content\/uploads\/2023\/06\/Carte-village-estival-2023.png\" target=\"_blank\" rel=\"noopener\">cliquez ici<\/a><\/p>\n<p>Les lieux et diff\u00e9rentes dates de 13h30 \u00e0 18h00 :<\/p>\n<ul>\n<li>Mardi 11 juillet 2023 de 13h30 \u00e0 18h00 \u00e0 Puiseux-le-Hauberger : Salle Multifonctions Jean Louis Vogel, 4 rue du d\u00e9laiss\u00e9.<\/li>\n<li>Mercredi 12 juillet 2023 de 13h30 \u00e0 18h00 \u00e0 Fleurines : Terrain de plein air, 8 rue de Verneuil.<\/li>\n<li>Jeudi 13 juillet 2023 de 13h30 \u00e0 18h00 \u00e0 Mareuil-sur-Ourcq : Ecole Robert Leroux, rue de Souville.<\/li>\n<li>Mardi 18 juillet 2023 de 13h30 \u00e0 18h00 \u00e0 Ansauvillers : Place communale, rue Saint L\u00e9ger.<\/li>\n<li>Mercredi 19 juillet 2023 de 13h30 \u00e0 18h00 \u00e0 Beaulieu-les-Fontaines: Stade Herm\u00e8s Raevens, 7 grande place.<\/li>\n<li>Jeudi 20 juillet 2023 de 13h30 \u00e0 18h00 \u00e0 Rochy-Cond\u00e9 : Stade, rue de la gare.<\/li>\n<li>Mardi 25 juillet 2023 de 13h30 \u00e0 18h00 \u00e0 Chevri\u00e8res: Place de la mairie, Place Langlois Meurine, rue de Grandfresnoy.<\/li>\n<li>Mercredi 26 juillet 2023 de 13h30 \u00e0 18h00 \u00e0 Hanvoile : Parc municipal Thierry Maugez, 67 grande rue.<\/li>\n<li>Jeudi 27 juillet 2023 de 13h30 \u00e0 18h00 \u00e0 Laboissi\u00e8re-en-Thelle: Salle multifonctions, rue du stade.<\/li>\n<\/ul>\n<p>Merci par avance aux personnes disponibles pour l&rsquo;animation de ces journ\u00e9es.<\/p>\n<p>Liste des animateurs:\u00a0<a href=\"http:\/\/oise-echecs.fr\/wp-content\/uploads\/2023\/07\/Village-Estivale-2023.pdf\" target=\"_blank\" rel=\"noopener\">ici<\/a><\/p>\n","protected":false},"excerpt":{"rendered":"<p>Comme chaque ann\u00e9e beaucoup de visiteurs sur notre stand (une moyenne de 60 par jour), et de belles surprises. Merci<\/p>\n","protected":false},"author":3,"featured_media":11556,"comment_status":"open","ping_status":"open","sticky":false,"template":"","format":"standard","meta":{"colormag_page_container_layout":"default_layout","colormag_page_sidebar_layout":"default_layout","jetpack_post_was_ever_published":false,"_jetpack_newsletter_access":"","_jetpack_dont_email_post_to_subs":false,"_jetpack_newsletter_tier_id":0,"_jetpack_memberships_contains_paywalled_content":false,"_jetpack_memberships_contains_paid_content":false,"footnotes":"","jetpack_publicize_message":"","jetpack_publicize_feature_enabled":true,"jetpack_social_post_already_shared":true,"jetpack_social_options":{"image_generator_settings":{"template":"highway","default_image_id":0,"font":"","enabled":false},"version":2}},"categories":[3],"tags":[],"class_list":["post-11554","post","type-post","status-publish","format-standard","has-post-thumbnail","hentry","category-manifestations"],"jetpack_publicize_connections":[],"jetpack_featured_media_url":"https:\/\/oise-echecs.fr\/wp-content\/uploads\/2023\/06\/csm_Decaux-Village-Estival-2023-web_2a38441c28.png","jetpack_sharing_enabled":true,"jetpack_shortlink":"https:\/\/wp.me\/p90hcv-30m","_links":{"self":[{"href":"https:\/\/oise-echecs.fr\/index.php?rest_route=\/wp\/v2\/posts\/11554","targetHints":{"allow":["GET"]}}],"collection":[{"href":"https:\/\/oise-echecs.fr\/index.php?rest_route=\/wp\/v2\/posts"}],"about":[{"href":"https:\/\/oise-echecs.fr\/index.php?rest_route=\/wp\/v2\/types\/post"}],"author":[{"embeddable":true,"href":"https:\/\/oise-echecs.fr\/index.php?rest_route=\/wp\/v2\/users\/3"}],"replies":[{"embeddable":true,"href":"https:\/\/oise-echecs.fr\/index.php?rest_route=%2Fwp%2Fv2%2Fcomments&post=11554"}],"version-history":[{"count":6,"href":"https:\/\/oise-echecs.fr\/index.php?rest_route=\/wp\/v2\/posts\/11554\/revisions"}],"predecessor-version":[{"id":11574,"href":"https:\/\/oise-echecs.fr\/index.php?rest_route=\/wp\/v2\/posts\/11554\/revisions\/11574"}],"wp:featuredmedia":[{"embeddable":true,"href":"https:\/\/oise-echecs.fr\/index.php?rest_route=\/wp\/v2\/media\/11556"}],"wp:attachment":[{"href":"https:\/\/oise-echecs.fr\/index.php?rest_route=%2Fwp%2Fv2%2Fmedia&parent=11554"}],"wp:term":[{"taxonomy":"category","embeddable":true,"href":"https:\/\/oise-echecs.fr\/index.php?rest_route=%2Fwp%2Fv2%2Fcategories&post=11554"},{"taxonomy":"post_tag","embeddable":true,"href":"https:\/\/oise-echecs.fr\/index.php?rest_route=%2Fwp%2Fv2%2Ftags&post=11554"}],"curies":[{"name":"wp","href":"https:\/\/api.w.org\/{rel}","templated":true}]}}