{"id":11570,"date":"2023-06-29T18:18:08","date_gmt":"2023-06-29T17:18:08","guid":{"rendered":"http:\/\/oise-echecs.fr\/?p=11570"},"modified":"2023-06-29T18:18:08","modified_gmt":"2023-06-29T17:18:08","slug":"feuquieres-tournoi-scolaire-de-fin-dannee","status":"publish","type":"post","link":"https:\/\/oise-echecs.fr\/?p=11570","title":{"rendered":"Feuqui\u00e8res \u2013 Tournoi scolaire de fin d\u2019ann\u00e9e"},"content":{"rendered":"<p>Lors d\u2019un village estival \u00e0 Feuqui\u00e8res en 2022 s\u2019\u00e9taient notament rencontr\u00e9s au stand d\u2019\u00e9checs Luc Fancelli et Jean-Pierre Estienne, maire de la commune. Cela avait abouti \u00e0 un projet d\u2019initiation aux \u00e9checs en milieu scolaire men\u00e9 \u00e0 l\u2019\u00e9cole primaire Jean de La Fontaine.<\/p>\n<p>Durant l&rsquo;ann\u00e9e scolaire, j\u2019ai donc eu le plaisir d\u2019intervenir aupr\u00e8s d\u2019une cinquantaine d\u2019\u00e9l\u00e8ves de CE2, CM1 et CM2 sur une s\u00e9ance hebdomadaire.<\/p>\n<p>Ce jeudi 29 juin, nous avons pu organiser avec les institutrices Mesdames Prandi et Qu\u00e9vy un tournoi \u00e0 la salle socio culturelle. Madame Delphine Desenne, conseill\u00e8re municipale, responsable de l\u2019action ainsi que Monsieur Estienne v\u00eenrent y assister et rem\u00eerent des jeux aux jeunes r\u00e9compens\u00e9s.<\/p>\n<p>Des parents d\u2019\u00e9l\u00e8ves r\u00e9pondirent aussi pr\u00e9sents et m\u2019ont \u00e9paul\u00e9 pour l\u2019arbitrage. <\/p>\n<p>J\u2019ai \u00e9t\u00e9 particuli\u00e8rement surpris par le niveau de concentration des jeunes lors de ce tournoi. Au cours de l\u2019ann\u00e9e, certains ont \u00e9t\u00e9 plus vite \u00e0 ma\u00eetriser les r\u00e8gles mais tous se sont int\u00e9ress\u00e9s au jeu et ont r\u00e9alis\u00e9 des progr\u00e8s.<\/p>\n<p>L\u2019action devrait \u00eatre reconduite l\u2019ann\u00e9e prochaine.<br \/>\nMerci \u00e0 Jacques Dumoulin de l\u2019Echiquier Beauvaisien pour le pr\u00eat de jeux et pendules.<\/p>\n","protected":false},"excerpt":{"rendered":"<p>Lors d\u2019un village estival \u00e0 Feuqui\u00e8res en 2022 s\u2019\u00e9taient notament rencontr\u00e9s au stand d\u2019\u00e9checs Luc Fancelli et Jean-Pierre Estienne, maire<\/p>\n","protected":false},"author":1,"featured_media":11572,"comment_status":"open","ping_status":"open","sticky":false,"template":"","format":"standard","meta":{"colormag_page_container_layout":"default_layout","colormag_page_sidebar_layout":"default_layout","jetpack_post_was_ever_published":false,"_jetpack_newsletter_access":"","_jetpack_dont_email_post_to_subs":false,"_jetpack_newsletter_tier_id":0,"_jetpack_memberships_contains_paywalled_content":false,"_jetpack_memberships_contains_paid_content":false,"footnotes":"","jetpack_publicize_message":"","jetpack_publicize_feature_enabled":true,"jetpack_social_post_already_shared":true,"jetpack_social_options":{"image_generator_settings":{"template":"highway","default_image_id":0,"font":"","enabled":false},"version":2}},"categories":[1,8],"tags":[],"class_list":["post-11570","post","type-post","status-publish","format-standard","has-post-thumbnail","hentry","category-divers","category-jeunes"],"jetpack_publicize_connections":[],"jetpack_featured_media_url":"https:\/\/oise-echecs.fr\/wp-content\/uploads\/2023\/06\/feuquieres-scaled.jpg","jetpack_sharing_enabled":true,"jetpack_shortlink":"https:\/\/wp.me\/p90hcv-30C","_links":{"self":[{"href":"https:\/\/oise-echecs.fr\/index.php?rest_route=\/wp\/v2\/posts\/11570","targetHints":{"allow":["GET"]}}],"collection":[{"href":"https:\/\/oise-echecs.fr\/index.php?rest_route=\/wp\/v2\/posts"}],"about":[{"href":"https:\/\/oise-echecs.fr\/index.php?rest_route=\/wp\/v2\/types\/post"}],"author":[{"embeddable":true,"href":"https:\/\/oise-echecs.fr\/index.php?rest_route=\/wp\/v2\/users\/1"}],"replies":[{"embeddable":true,"href":"https:\/\/oise-echecs.fr\/index.php?rest_route=%2Fwp%2Fv2%2Fcomments&post=11570"}],"version-history":[{"count":2,"href":"https:\/\/oise-echecs.fr\/index.php?rest_route=\/wp\/v2\/posts\/11570\/revisions"}],"predecessor-version":[{"id":11573,"href":"https:\/\/oise-echecs.fr\/index.php?rest_route=\/wp\/v2\/posts\/11570\/revisions\/11573"}],"wp:featuredmedia":[{"embeddable":true,"href":"https:\/\/oise-echecs.fr\/index.php?rest_route=\/wp\/v2\/media\/11572"}],"wp:attachment":[{"href":"https:\/\/oise-echecs.fr\/index.php?rest_route=%2Fwp%2Fv2%2Fmedia&parent=11570"}],"wp:term":[{"taxonomy":"category","embeddable":true,"href":"https:\/\/oise-echecs.fr\/index.php?rest_route=%2Fwp%2Fv2%2Fcategories&post=11570"},{"taxonomy":"post_tag","embeddable":true,"href":"https:\/\/oise-echecs.fr\/index.php?rest_route=%2Fwp%2Fv2%2Ftags&post=11570"}],"curies":[{"name":"wp","href":"https:\/\/api.w.org\/{rel}","templated":true}]}}