{"id":13512,"date":"2026-04-04T08:18:01","date_gmt":"2026-04-04T07:18:01","guid":{"rendered":"https:\/\/oise-echecs.fr\/?p=13512"},"modified":"2026-04-04T08:18:01","modified_gmt":"2026-04-04T07:18:01","slug":"village-estival-2026","status":"publish","type":"post","link":"https:\/\/oise-echecs.fr\/?p=13512","title":{"rendered":"Village Estival 2026"},"content":{"rendered":"<p>Voici les dates et lieux du village estival 2026.<\/p>\n<p>&nbsp;<\/p>\n<p align=\"LEFT\"><span style=\"color: #242424;\"><span style=\"font-family: Segoe UI, Segoe WP, Tahoma, Arial, sans-serif;\"><span style=\"font-size: medium;\"><b>mardi 7 juillet<\/b><\/span><\/span><\/span> <span style=\"color: #242424;\"><span style=\"font-family: Segoe UI, Segoe WP, Tahoma, Arial, sans-serif;\"><span style=\"font-size: medium;\">au <\/span><\/span><\/span><span style=\"color: #242424;\"><span style=\"font-family: Segoe UI, Segoe WP, Tahoma, Arial, sans-serif;\"><span style=\"font-size: medium;\"><b>PLESSIS-BRION<\/b><\/span><\/span><\/span> <span style=\"color: #242424;\"><span style=\"font-family: Segoe UI, Segoe WP, Tahoma, Arial, sans-serif;\"><span style=\"font-size: medium;\">(canton de Thourotte)<\/span><\/span><\/span><\/p>\n<p align=\"LEFT\"><span style=\"color: #242424;\"><span style=\"font-family: Segoe UI, Segoe WP, Tahoma, Arial, sans-serif;\"><span style=\"font-size: medium;\"><b>mercredi 8 juillet<\/b><\/span><\/span><\/span> <span style=\"color: #242424;\"><span style=\"font-family: Segoe UI, Segoe WP, Tahoma, Arial, sans-serif;\"><span style=\"font-size: medium;\">\u00e0 <\/span><\/span><\/span><span style=\"color: #242424;\"><span style=\"font-family: Segoe UI, Segoe WP, Tahoma, Arial, sans-serif;\"><span style=\"font-size: medium;\"><b>SAINT-OMER-EN-CHAUSSEE<\/b><\/span><\/span><\/span> <span style=\"color: #242424;\"><span style=\"font-family: Segoe UI, Segoe WP, Tahoma, Arial, sans-serif;\"><span style=\"font-size: medium;\">(canton de Grandvilliers<\/span><\/span><\/span><\/p>\n<p align=\"LEFT\"><span style=\"color: #242424;\"><span style=\"font-family: Segoe UI, Segoe WP, Tahoma, Arial, sans-serif;\"><span style=\"font-size: medium;\"><b>jeudi 9 juillet<\/b><\/span><\/span><\/span> <span style=\"color: #242424;\"><span style=\"font-family: Segoe UI, Segoe WP, Tahoma, Arial, sans-serif;\"><span style=\"font-size: medium;\">\u00e0 <\/span><\/span><\/span><span style=\"color: #242424;\"><span style=\"font-family: Segoe UI, Segoe WP, Tahoma, Arial, sans-serif;\"><span style=\"font-size: medium;\"><b>FERRIERES<\/b><\/span><\/span><\/span> <span style=\"color: #242424;\"><span style=\"font-family: Segoe UI, Segoe WP, Tahoma, Arial, sans-serif;\"><span style=\"font-size: medium;\">(canton d&rsquo;Estr\u00e9es-Saint-Denis)<\/span><\/span><\/span><\/p>\n<p align=\"LEFT\"><span style=\"color: #242424;\"><span style=\"font-family: Segoe UI, Segoe WP, Tahoma, Arial, sans-serif;\"><span style=\"font-size: medium;\"><b>jeudi 16 juillet<\/b><\/span><\/span><\/span> <span style=\"color: #242424;\"><span style=\"font-family: Segoe UI, Segoe WP, Tahoma, Arial, sans-serif;\"><span style=\"font-size: medium;\">\u00e0 <\/span><\/span><\/span><span style=\"color: #242424;\"><span style=\"font-family: Segoe UI, Segoe WP, Tahoma, Arial, sans-serif;\"><span style=\"font-size: medium;\"><b>ANGICOURT<\/b><\/span><\/span><\/span> <span style=\"color: #242424;\"><span style=\"font-family: Segoe UI, Segoe WP, Tahoma, Arial, sans-serif;\"><span style=\"font-size: medium;\">(canton de Pont-Sainte-Maxence)<\/span><\/span><\/span><\/p>\n<p align=\"LEFT\"><span style=\"color: #242424;\"><span style=\"font-family: Segoe UI, Segoe WP, Tahoma, Arial, sans-serif;\"><span style=\"font-size: medium;\"><b>mardi 21 juillet<\/b><\/span><\/span><\/span> <span style=\"color: #242424;\"><span style=\"font-family: Segoe UI, Segoe WP, Tahoma, Arial, sans-serif;\"><span style=\"font-size: medium;\">\u00e0 <\/span><\/span><\/span><span style=\"color: #242424;\"><span style=\"font-family: Segoe UI, Segoe WP, Tahoma, Arial, sans-serif;\"><span style=\"font-size: medium;\"><b>BORAN-SUR-OISE<\/b><\/span><\/span><\/span> <span style=\"color: #242424;\"><span style=\"font-family: Segoe UI, Segoe WP, Tahoma, Arial, sans-serif;\"><span style=\"font-size: medium;\">(canton de Chantilly)<\/span><\/span><\/span><\/p>\n<p align=\"LEFT\"><span style=\"color: #242424;\"><span style=\"font-family: Segoe UI, Segoe WP, Tahoma, Arial, sans-serif;\"><span style=\"font-size: medium;\"><b>jeudi 23 juillet<\/b><\/span><\/span><\/span><span style=\"color: #242424;\">\u00a0<\/span><span style=\"color: #242424;\"><span style=\"font-family: Segoe UI, Segoe WP, Tahoma, Arial, sans-serif;\"><span style=\"font-size: medium;\">\u00e0 <\/span><\/span><\/span><span style=\"color: #242424;\"><span style=\"font-family: Segoe UI, Segoe WP, Tahoma, Arial, sans-serif;\"><span style=\"font-size: medium;\"><b>NOAILLES<\/b><\/span><\/span><\/span> <span style=\"color: #242424;\"><span style=\"font-family: Segoe UI, Segoe WP, Tahoma, Arial, sans-serif;\"><span style=\"font-size: medium;\">(canton de Chaumont-en-Vexin)<\/span><\/span><\/span><\/p>\n<p align=\"LEFT\">Une animation \u00ab\u00a0musique et cin\u00e9 plein air &#x1f3b6;&#x1f37f;&#x1f3a5;&#x1f3ac;\u00a0\u00bb sera propos\u00e9e le jeudi 23 juillet en soir\u00e9e pour le 100\u00e8me village (19h \u00e0 minuit)<\/p>\n<p align=\"LEFT\">\n<p align=\"LEFT\">Le CDJEO est la seule association \u00e0 avoir \u00e9t\u00e9 pr\u00e9sent \u00e0 chaque village estival. Nous comptons bien le rester.<\/p>\n<p>N\u2019h\u00e9sitez pas a nous faire part de vos disponibilit\u00e9s pour participer \u00e0 l\u2019animation.<\/p>\n","protected":false},"excerpt":{"rendered":"<p>Voici les dates et lieux du village estival 2026. &nbsp; mardi 7 juillet au PLESSIS-BRION (canton de Thourotte) mercredi 8<\/p>\n","protected":false},"author":7,"featured_media":0,"comment_status":"open","ping_status":"open","sticky":false,"template":"","format":"standard","meta":{"colormag_page_container_layout":"default_layout","colormag_page_sidebar_layout":"default_layout","jetpack_post_was_ever_published":false,"_jetpack_newsletter_access":"","_jetpack_dont_email_post_to_subs":false,"_jetpack_newsletter_tier_id":0,"_jetpack_memberships_contains_paywalled_content":false,"_jetpack_memberships_contains_paid_content":false,"footnotes":"","jetpack_publicize_message":"","jetpack_publicize_feature_enabled":true,"jetpack_social_post_already_shared":true,"jetpack_social_options":{"image_generator_settings":{"template":"highway","default_image_id":0,"font":"","enabled":false},"version":2}},"categories":[3],"tags":[],"class_list":["post-13512","post","type-post","status-publish","format-standard","hentry","category-manifestations"],"jetpack_publicize_connections":[],"jetpack_featured_media_url":"","jetpack_sharing_enabled":true,"jetpack_shortlink":"https:\/\/wp.me\/p90hcv-3vW","_links":{"self":[{"href":"https:\/\/oise-echecs.fr\/index.php?rest_route=\/wp\/v2\/posts\/13512","targetHints":{"allow":["GET"]}}],"collection":[{"href":"https:\/\/oise-echecs.fr\/index.php?rest_route=\/wp\/v2\/posts"}],"about":[{"href":"https:\/\/oise-echecs.fr\/index.php?rest_route=\/wp\/v2\/types\/post"}],"author":[{"embeddable":true,"href":"https:\/\/oise-echecs.fr\/index.php?rest_route=\/wp\/v2\/users\/7"}],"replies":[{"embeddable":true,"href":"https:\/\/oise-echecs.fr\/index.php?rest_route=%2Fwp%2Fv2%2Fcomments&post=13512"}],"version-history":[{"count":1,"href":"https:\/\/oise-echecs.fr\/index.php?rest_route=\/wp\/v2\/posts\/13512\/revisions"}],"predecessor-version":[{"id":13513,"href":"https:\/\/oise-echecs.fr\/index.php?rest_route=\/wp\/v2\/posts\/13512\/revisions\/13513"}],"wp:attachment":[{"href":"https:\/\/oise-echecs.fr\/index.php?rest_route=%2Fwp%2Fv2%2Fmedia&parent=13512"}],"wp:term":[{"taxonomy":"category","embeddable":true,"href":"https:\/\/oise-echecs.fr\/index.php?rest_route=%2Fwp%2Fv2%2Fcategories&post=13512"},{"taxonomy":"post_tag","embeddable":true,"href":"https:\/\/oise-echecs.fr\/index.php?rest_route=%2Fwp%2Fv2%2Ftags&post=13512"}],"curies":[{"name":"wp","href":"https:\/\/api.w.org\/{rel}","templated":true}]}}