{"id":13531,"date":"2026-04-13T08:51:39","date_gmt":"2026-04-13T07:51:39","guid":{"rendered":"https:\/\/oise-echecs.fr\/?p=13531"},"modified":"2026-04-13T08:51:39","modified_gmt":"2026-04-13T07:51:39","slug":"gpo-n5-superbe-journee-a-precy","status":"publish","type":"post","link":"https:\/\/oise-echecs.fr\/?p=13531","title":{"rendered":"&#x265f;&#xfe0f; GPO n\u00b05 : Superbe journ\u00e9e \u00e0 Pr\u00e9cy"},"content":{"rendered":"<div style=\"max-width:850px;margin:0 auto;line-height:1.6;font-size:16px;\">\n<p style=\"margin-top:0;\">\n    &#x265F;&#xFE0F; Le <strong>GPO n&#x00B0;5 &#x00E0; Pr&#x00E9;cy-sur-Oise<\/strong> a offert une magnifique journ&#x00E9;e d&#x2019;&#x00E9;checs dans un cadre exceptionnel au <strong>Ch&#x00E2;teau des &#x00C9;rables<\/strong>.\n  <\/p>\n<p>\n    Le site &#x00E9;tait superbe, l&#x2019;organisation tr&#x00E8;s r&#x00E9;ussie, et les b&#x00E9;n&#x00E9;voles ont pu &#x00EA;tre pleinement mobilis&#x00E9;s pour faire vivre les diff&#x00E9;rents espaces de la journ&#x00E9;e :<br \/>\n    <br \/>\n    &#x2022; deux salles de jeu<br \/>\n    &#x2022; une salle de pause conviviale<br \/>\n    &#x2022; et, nouveaut&#x00E9; tr&#x00E8;s appr&#x00E9;ci&#x00E9;e, un <strong>stand d&#x2019;animation &#x00E9;checs pour tous<\/strong> avec un animateur.\n  <\/p>\n<p>\n    &#x1F64F; Un grand merci au <strong>club de Pr&#x00E9;cy-sur-Oise<\/strong>, au <strong>CDJEO<\/strong>, ainsi qu&#x2019;&#x00E0; l&#x2019;ensemble des <strong>b&#x00E9;n&#x00E9;voles<\/strong> et des <strong>joueurs<\/strong> pour cette belle r&#x00E9;ussite.\n  <\/p>\n<p>\n    &#x1F44F; Remerciements particuliers &#x00E0; nos deux jeunes arbitres, <strong>Titus<\/strong> et <strong>Martin<\/strong>, pour leur engagement.<br \/>\n    <br \/>\n    N&#x2019;h&#x00E9;sitez pas &#x00E0; faire remonter &#x00E0; votre pr&#x00E9;sident votre volont&#x00E9; de devenir arbitre :<br \/>\n    <strong>nous sommes en manque d&#x2019;arbitres dans l&#x2019;Oise<\/strong>.\n  <\/p>\n<p>\n    &#x1F525; Nous avons &#x00E9;gal&#x00E9; le record 2026 de participation avec<br \/>\n    <strong>100 joueurs exactement<\/strong> !\n  <\/p>\n<hr style=\"margin:25px 0;\">\n<h4 style=\"margin-bottom:10px;font-weight:600;\">\n    &#x1F3C6; Classement g&#x00E9;n&#x00E9;ral apr&#x00E8;s la ronde 5 &#x2013; Top 10<br \/>\n  <\/h4>\n<div style=\"overflow-x:auto;\">\n<table style=\"border-collapse:collapse;width:100%;font-size:14px;\">\n<thead>\n<tr style=\"border-bottom:1px solid #ccc;\">\n<th style=\"text-align:left;padding:8px;\">#<\/th>\n<th style=\"text-align:left;padding:8px;\">Joueur<\/th>\n<th style=\"text-align:left;padding:8px;\">Cat.<\/th>\n<th style=\"text-align:left;padding:8px;\">Club<\/th>\n<th style=\"text-align:right;padding:8px;\">Pts<\/th>\n<\/tr>\n<\/thead>\n<tbody>\n<tr>\n<td style=\"padding:8px;\">1<\/td>\n<td style=\"padding:8px;\">&#x1F947; GERTOSIO-SERENA Sophie<\/td>\n<td style=\"padding:8px;\">SenF<\/td>\n<td style=\"padding:8px;\">Droit au Mat<\/td>\n<td style=\"padding:8px;text-align:right;\">28,5<\/td>\n<\/tr>\n<tr>\n<td style=\"padding:8px;\">2<\/td>\n<td style=\"padding:8px;\">&#x1F948; LEGRAND Hugo<\/td>\n<td style=\"padding:8px;\">SenM<\/td>\n<td style=\"padding:8px;\">C.E. de St Just &#8211; Les Tours Infernales<\/td>\n<td style=\"padding:8px;text-align:right;\">28,5<\/td>\n<\/tr>\n<tr>\n<td style=\"padding:8px;\">3<\/td>\n<td style=\"padding:8px;\">&#x1F949; ROMERO Alexandre<\/td>\n<td style=\"padding:8px;\">PupM<\/td>\n<td style=\"padding:8px;\">Club d&rsquo;Echecs de Senlis<\/td>\n<td style=\"padding:8px;text-align:right;\">28<\/td>\n<\/tr>\n<tr>\n<td style=\"padding:8px;\">4<\/td>\n<td style=\"padding:8px;\">KECLARD David<\/td>\n<td style=\"padding:8px;\">SenM<\/td>\n<td style=\"padding:8px;\">L&rsquo;Echiquier Maxipontain<\/td>\n<td style=\"padding:8px;text-align:right;\">27,5<\/td>\n<\/tr>\n<tr>\n<td style=\"padding:8px;\">5<\/td>\n<td style=\"padding:8px;\">CALLEJA Benjamin<\/td>\n<td style=\"padding:8px;\">SenM<\/td>\n<td style=\"padding:8px;\">C.E. de St Just &#8211; Les Tours Infernales<\/td>\n<td style=\"padding:8px;text-align:right;\">27<\/td>\n<\/tr>\n<tr>\n<td style=\"padding:8px;\">6<\/td>\n<td style=\"padding:8px;\">DE BOUTRAY Thibault<\/td>\n<td style=\"padding:8px;\">SenM<\/td>\n<td style=\"padding:8px;\">Arcole Echecs Compi&#x00E8;gne<\/td>\n<td style=\"padding:8px;text-align:right;\">26,5<\/td>\n<\/tr>\n<tr>\n<td style=\"padding:8px;\">7<\/td>\n<td style=\"padding:8px;\">MENARD Daniel<\/td>\n<td style=\"padding:8px;\">VetM<\/td>\n<td style=\"padding:8px;\">C.E. de St Just &#8211; Les Tours Infernales<\/td>\n<td style=\"padding:8px;text-align:right;\">26,5<\/td>\n<\/tr>\n<tr>\n<td style=\"padding:8px;\">8<\/td>\n<td style=\"padding:8px;\">PERRAT Theodore<\/td>\n<td style=\"padding:8px;\">MinM<\/td>\n<td style=\"padding:8px;\">C.E. de St Just &#8211; Les Tours Infernales<\/td>\n<td style=\"padding:8px;text-align:right;\">25,5<\/td>\n<\/tr>\n<tr>\n<td style=\"padding:8px;\">9<\/td>\n<td style=\"padding:8px;\">SOYER Xavier<\/td>\n<td style=\"padding:8px;\">MinM<\/td>\n<td style=\"padding:8px;\">Arcole Echecs Compi&#x00E8;gne<\/td>\n<td style=\"padding:8px;text-align:right;\">25<\/td>\n<\/tr>\n<tr>\n<td style=\"padding:8px;\">10<\/td>\n<td style=\"padding:8px;\">THULLIEZ Lucas<\/td>\n<td style=\"padding:8px;\">BenM<\/td>\n<td style=\"padding:8px;\">Echiquier Beauvaisien<\/td>\n<td style=\"padding:8px;text-align:right;\">24,5<\/td>\n<\/tr>\n<\/tbody>\n<\/table><\/div>\n<p style=\"margin-top:15px;font-size:14px;\">\n    Classement g&#x00E9;n&#x00E9;ral complet disponible ici :<br \/>\n    <a href=\"https:\/\/oise-echecs.fr\/?page_id=241\" target=\"_blank\" rel=\"noopener\"><br \/>\n      consulter le classement<br \/>\n    <\/a><br \/>\n    <br \/>\n    <span style=\"color:#666;\">Source du top 10 : :contentReference[oaicite:0]{index=0}<\/span>\n  <\/p>\n<hr style=\"margin:25px 0;\">\n<h4 style=\"margin-bottom:10px;font-weight:600;\">\n    &#x1F3A5; Vid&#x00E9;o souvenir<br \/>\n  <\/h4>\n<p>\n    Une vid&#x00E9;o compilant les photos prises pendant la journ&#x00E9;e est disponible ici :<br \/>\n    <a href=\"https:\/\/youtu.be\/gZDV2QrOQEg\" target=\"_blank\" rel=\"noopener\"><br \/>\n      voir la vid&#x00E9;o<br \/>\n    <\/a>\n  <\/p>\n<p style=\"font-size:14px;color:#555;\">\n    D&#x00E9;sol&#x00E9;, nous n&#x2019;avons pas pens&#x00E9; &#x00E0; prendre des photos de nos b&#x00E9;n&#x00E9;voles, mais leur implication a &#x00E9;t&#x00E9; essentielle &#x00E0; la r&#x00E9;ussite de cette belle journ&#x00E9;e.\n  <\/p>\n<hr style=\"margin:25px 0;\">\n<h4 style=\"margin-bottom:10px;font-weight:600;\">\n    &#x1F4CC; Prochaine &#x00E9;tape<br \/>\n  <\/h4>\n<p>\n    Le prochain GPO aura lieu &#x00E0; <strong>Senlis le 03 mai 2026<\/strong>.<br \/>\n    Un article d&#x00E9;di&#x00E9; arrivera prochainement, mais vous pouvez d&#x00E9;j&#x00E0; vous inscrire ici :\n  <\/p>\n<p>\n    <a href=\"https:\/\/chessevent.echecs-bretagne.fr\/public\/inscrForm1.php?event=HDF_60_HDF_60_GPO_2526_J6_8R\"\n       target=\"_blank\" rel=\"noopener\"\n       style=\"display:inline-block;padding:8px 14px;border:1px solid #333;border-radius:6px;text-decoration:none;font-weight:500;\"><br \/>\n      Inscription au GPO de Senlis<br \/>\n    <\/a>\n  <\/p>\n<p>\n    &#x1F4AA; Nous comptons sur votre participation pour poursuivre cette belle dynamique !\n  <\/p>\n<\/div>\n","protected":false},"excerpt":{"rendered":"<p>&#x265F;&#xFE0F; Le GPO n&#x00B0;5 &#x00E0; Pr&#x00E9;cy-sur-Oise a offert une magnifique journ&#x00E9;e d&#x2019;&#x00E9;checs dans un cadre exceptionnel au Ch&#x00E2;teau des &#x00C9;rables.<\/p>\n","protected":false},"author":5,"featured_media":0,"comment_status":"open","ping_status":"open","sticky":false,"template":"","format":"standard","meta":{"colormag_page_container_layout":"default_layout","colormag_page_sidebar_layout":"default_layout","jetpack_post_was_ever_published":false,"_jetpack_newsletter_access":"","_jetpack_dont_email_post_to_subs":false,"_jetpack_newsletter_tier_id":0,"_jetpack_memberships_contains_paywalled_content":false,"_jetpack_memberships_contains_paid_content":false,"footnotes":"","jetpack_publicize_message":"","jetpack_publicize_feature_enabled":true,"jetpack_social_post_already_shared":true,"jetpack_social_options":{"image_generator_settings":{"template":"highway","default_image_id":0,"font":"","enabled":false},"version":2}},"categories":[42,10,5],"tags":[],"class_list":["post-13531","post","type-post","status-publish","format-standard","hentry","category-blitz","category-cadence-rapide","category-gpo"],"jetpack_publicize_connections":[],"jetpack_featured_media_url":"","jetpack_sharing_enabled":true,"jetpack_shortlink":"https:\/\/wp.me\/p90hcv-3wf","_links":{"self":[{"href":"https:\/\/oise-echecs.fr\/index.php?rest_route=\/wp\/v2\/posts\/13531","targetHints":{"allow":["GET"]}}],"collection":[{"href":"https:\/\/oise-echecs.fr\/index.php?rest_route=\/wp\/v2\/posts"}],"about":[{"href":"https:\/\/oise-echecs.fr\/index.php?rest_route=\/wp\/v2\/types\/post"}],"author":[{"embeddable":true,"href":"https:\/\/oise-echecs.fr\/index.php?rest_route=\/wp\/v2\/users\/5"}],"replies":[{"embeddable":true,"href":"https:\/\/oise-echecs.fr\/index.php?rest_route=%2Fwp%2Fv2%2Fcomments&post=13531"}],"version-history":[{"count":4,"href":"https:\/\/oise-echecs.fr\/index.php?rest_route=\/wp\/v2\/posts\/13531\/revisions"}],"predecessor-version":[{"id":13535,"href":"https:\/\/oise-echecs.fr\/index.php?rest_route=\/wp\/v2\/posts\/13531\/revisions\/13535"}],"wp:attachment":[{"href":"https:\/\/oise-echecs.fr\/index.php?rest_route=%2Fwp%2Fv2%2Fmedia&parent=13531"}],"wp:term":[{"taxonomy":"category","embeddable":true,"href":"https:\/\/oise-echecs.fr\/index.php?rest_route=%2Fwp%2Fv2%2Fcategories&post=13531"},{"taxonomy":"post_tag","embeddable":true,"href":"https:\/\/oise-echecs.fr\/index.php?rest_route=%2Fwp%2Fv2%2Ftags&post=13531"}],"curies":[{"name":"wp","href":"https:\/\/api.w.org\/{rel}","templated":true}]}}