{"id":2753,"date":"2016-03-02T00:56:28","date_gmt":"2016-03-01T23:56:28","guid":{"rendered":"http:\/\/oise-echecs.fr\/?p=2753"},"modified":"2024-10-19T20:50:59","modified_gmt":"2024-10-19T19:50:59","slug":"gpo-j5-s15-16-a-maignelay-montigny","status":"publish","type":"post","link":"https:\/\/oise-echecs.fr\/?p=2753","title":{"rendered":"GPO J5 S15-16 \u00e0 Maignelay-Montigny"},"content":{"rendered":"<p>62 participants dont 12 f\u00e9minines \u00e0 ce Grand Prix de L&rsquo;Oise et pas une mais deux surprises pour ceux qui sont venus&#8230;<\/p>\n<p>Les grilles et le classement apr\u00e8s la ronde 8 sur la page sp\u00e9ciale du GPO du site ainsi que le classement g\u00e9n\u00e9ral et provisoire.<\/p>\n<p>Le CDJE Oise avait d\u00e9cid\u00e9 de faire une surprise aux joueuses en leur offrant une rose \u00e0 l&rsquo;occasion de la \u00ab\u00a0Semaine au F\u00e9minin\u00a0\u00bb organis\u00e9e par la FFE. Nous avons d\u00e9cid\u00e9 de r\u00e9compenser par ce geste celles qui viennent sans avoir besoin obligatoirement d&rsquo;une r\u00e9compense sp\u00e9cifique. La Directrice R\u00e9gionale des F\u00e9minines, Sophie FANCELLI, \u00e9tait pr\u00e9sente pour leur remettre cette rose mais malheureusement du fait d&rsquo;un \u00e9tat \u00ab\u00a0grippal\u00a0\u00bb elle est rest\u00e9e plus longtemps \u00e0 se reposer dans la voiture que d&rsquo;\u00eatre pr\u00e9sente, \u00e0 son plus grand regret.<\/p>\n<p>On rappelle que le GPO r\u00e9compense les gagnants par cat\u00e9gorie d&rsquo;\u00e2ge exclusivement. Tr\u00e8s souvent L&rsquo;Oise a des f\u00e9minines mieux plac\u00e9es que les hommes.<\/p>\n<p>Deuxi\u00e8me surprise, Philippe Pierlot et Beno\u00eet Wartelle sont venus en \u00ab\u00a0voisin\u00a0\u00bb pour nous pr\u00e9senter leur\u00a0s\u00e9rie de livre \u00ab\u00a0VIVE LES ECHECS\u00a0\u00bb \u00a0(<a href=\"http:\/\/www.vivelesechecs.fr\/\" target=\"_blanck\" rel=\"noopener\">www.vivelesechecs.fr<\/a>) dont le num\u00e9ro 1 a d\u00e9j\u00e0 surement rempli de nombreuses \u00e9tag\u00e8res \u00e9chiqu\u00e9ennes (mon avis personnel : les animateurs\u00a0devrait poss\u00e9der au moins ce\u00a0livre)<\/p>\n<p>Ils nous ont promis de revenir nous voir (option pour Conchy-les-P\u00f4ts lors de la derni\u00e8re journ\u00e9e du GPO) &#8211; Ils seront pr\u00e9sents une journ\u00e9e seulement lors du Championnat de France des Jeunes.<\/p>\n<p>Encore bravo et merci aux organisateurs de Maignelay-Montigny pour l&rsquo;organisation de cette \u00e9tape et aussi \u00e0 ceux qui ont aid\u00e9 \u00e0 installer et\/ou \u00e0 ranger le mat\u00e9riel et la salle.<\/p>\n<p><strong>Derni\u00e8re info : la prochaine ronde se d\u00e9roulera \u00e0 Mouy.<\/strong><\/p>\n","protected":false},"excerpt":{"rendered":"<p>62 participants dont 12 f\u00e9minines \u00e0 ce Grand Prix de L&rsquo;Oise et pas une mais deux surprises pour ceux qui<\/p>\n","protected":false},"author":2,"featured_media":2809,"comment_status":"closed","ping_status":"open","sticky":false,"template":"","format":"standard","meta":{"colormag_page_container_layout":"default_layout","colormag_page_sidebar_layout":"default_layout","jetpack_post_was_ever_published":false,"_jetpack_newsletter_access":"","_jetpack_dont_email_post_to_subs":false,"_jetpack_newsletter_tier_id":0,"_jetpack_memberships_contains_paywalled_content":false,"_jetpack_memberships_contains_paid_content":false,"footnotes":"","jetpack_publicize_message":"","jetpack_publicize_feature_enabled":true,"jetpack_social_post_already_shared":false,"jetpack_social_options":{"image_generator_settings":{"template":"highway","default_image_id":0,"font":"","enabled":false},"version":2}},"categories":[10,5],"tags":[],"class_list":["post-2753","post","type-post","status-publish","format-standard","has-post-thumbnail","hentry","category-cadence-rapide","category-gpo"],"jetpack_publicize_connections":[],"jetpack_featured_media_url":"https:\/\/oise-echecs.fr\/wp-content\/uploads\/2016\/03\/GPO-J5-S15-16-WEB.jpg","jetpack_sharing_enabled":true,"jetpack_shortlink":"https:\/\/wp.me\/p90hcv-Ip","_links":{"self":[{"href":"https:\/\/oise-echecs.fr\/index.php?rest_route=\/wp\/v2\/posts\/2753","targetHints":{"allow":["GET"]}}],"collection":[{"href":"https:\/\/oise-echecs.fr\/index.php?rest_route=\/wp\/v2\/posts"}],"about":[{"href":"https:\/\/oise-echecs.fr\/index.php?rest_route=\/wp\/v2\/types\/post"}],"author":[{"embeddable":true,"href":"https:\/\/oise-echecs.fr\/index.php?rest_route=\/wp\/v2\/users\/2"}],"replies":[{"embeddable":true,"href":"https:\/\/oise-echecs.fr\/index.php?rest_route=%2Fwp%2Fv2%2Fcomments&post=2753"}],"version-history":[{"count":21,"href":"https:\/\/oise-echecs.fr\/index.php?rest_route=\/wp\/v2\/posts\/2753\/revisions"}],"predecessor-version":[{"id":12236,"href":"https:\/\/oise-echecs.fr\/index.php?rest_route=\/wp\/v2\/posts\/2753\/revisions\/12236"}],"wp:featuredmedia":[{"embeddable":true,"href":"https:\/\/oise-echecs.fr\/index.php?rest_route=\/wp\/v2\/media\/2809"}],"wp:attachment":[{"href":"https:\/\/oise-echecs.fr\/index.php?rest_route=%2Fwp%2Fv2%2Fmedia&parent=2753"}],"wp:term":[{"taxonomy":"category","embeddable":true,"href":"https:\/\/oise-echecs.fr\/index.php?rest_route=%2Fwp%2Fv2%2Fcategories&post=2753"},{"taxonomy":"post_tag","embeddable":true,"href":"https:\/\/oise-echecs.fr\/index.php?rest_route=%2Fwp%2Fv2%2Ftags&post=2753"}],"curies":[{"name":"wp","href":"https:\/\/api.w.org\/{rel}","templated":true}]}}