{"id":3145,"date":"2016-07-20T23:13:05","date_gmt":"2016-07-20T22:13:05","guid":{"rendered":"http:\/\/oise-echecs.fr\/?p=3145"},"modified":"2016-09-15T17:33:07","modified_gmt":"2016-09-15T16:33:07","slug":"4eme-village-estival","status":"publish","type":"post","link":"https:\/\/oise-echecs.fr\/?p=3145","title":{"rendered":"4\u00e8me Village Estival"},"content":{"rendered":"<p>Encore une fois le CDJE-OISE vous attend pour donner un coup de main \u00a0(ou plut\u00f4t de voix) lors des ces 10 journ\u00e9es. N&rsquo;h\u00e9sitez pas \u00e0 en faire la publicit\u00e9 autour de vous, famille, voisins&#8230; ces animations sont vraiment un grand bol d&rsquo;air pour ceux qui vont rester chez eux sans avoir quelque chose de sp\u00e9cial \u00e0 faire, que l&rsquo;on soit petit, ou&#8230; plus grand.<\/p>\n<p>Le CDJE-OISE sera pr\u00e9sent \u00e0 toutes ces dates avec l&rsquo;\u00e9chiquier g\u00e9ant, des \u00e9chiquiers en silicone, des r\u00e8gles du jeu \u00e0 distribuer&#8230; bref venez avec vos sandales, lunettes de soleil et chapeau, tout simplement&#8230;<\/p>\n<hr \/>\n<p>Cet \u00e9v\u00e9nement itin\u00e9rant s\u2019installera <strong>du 6 au 28 juillet<\/strong> dans<strong>\u00a010 communes de l\u2019Oise<\/strong>.\u00a0Les installations du Village Estival offriront des apr\u00e8s-midi riches en activit\u00e9s et en convivialit\u00e9 pour les petits et les plus grands !<\/p>\n<p>Ateliers smoothies, <strong><span style=\"color: #ff0000;\">\u00e9checs<\/span><\/strong>, quizz num\u00e9riques, animation ludoth\u00e8que \u00ab\u00a0voyage autour du toucher\u00a0\u00bb, activit\u00e9s sportives diverses, initiation au secourisme avec les pompiers, ch\u00e2teaux gonflables, espaces ados avec baby foot&#8230;\u00a0et tellement plus, \u00e0 venir d\u00e9couvrir sur place, en famille ou entre amis !<\/p>\n<p>L&rsquo;entr\u00e9e est gratuite, pour toutes les installations, animations et activit\u00e9s propos\u00e9es sur le site !<\/p>\n<p style=\"text-align: center;\"><span style=\"text-decoration: underline;\"><strong>Le Village Estival part en tourn\u00e9e<\/strong><\/span><\/p>\n<ul>\n<li><strong>Mercredi 06 juillet \u00e0 HAUDIVILLERS<\/strong><\/li>\n<\/ul>\n<p>Lieu :\u00a0Ruelle de la place<\/p>\n<ul>\n<li><strong>Jeudi 07 juillet \u00e0 FORMERIE<\/strong><\/li>\n<\/ul>\n<p>Lieu :\u00a0Complexe sportif &#8211; Rue du presbyt\u00e8re<\/p>\n<ul>\n<li><strong>Lundi 11 Juillet \u00e0 PIERREFONDS<\/strong><\/li>\n<\/ul>\n<p>Lieu :\u00a0Stade de football &#8211; Rue Viollet le Duc<\/p>\n<ul>\n<li><strong>Mardi 12\u00a0juillet \u00e0\u00a0CAUVIGNY<\/strong><\/li>\n<\/ul>\n<p>Lieu :\u00a0Rue du tilleul<\/p>\n<ul>\n<li><strong>Mercredi 13\u00a0juillet \u00e0\u00a0MELICOCQ<\/strong><\/li>\n<\/ul>\n<p>Lieu :\u00a0Rue de l&rsquo;abreuvoir<\/p>\n<ul>\n<li><strong>Mardi 19\u00a0juillet \u00e0\u00a0MOGNEVILLE<\/strong><\/li>\n<\/ul>\n<p>Lieu :\u00a0Parc Ch\u00e9deville &#8211; 10 rue de la Br\u00eache<\/p>\n<ul>\n<li><strong>Mercredi 20 juillet \u00e0\u00a0NERY<\/strong><\/li>\n<\/ul>\n<p>Lieu : Parc Paul Roulon &#8211; 3 rue du puits<\/p>\n<ul>\n<li><strong>Jeudi 21 juillet \u00e0\u00a0THIERS SUR THEVES<\/strong><\/li>\n<\/ul>\n<p>Lieu :\u00a03 avenue\u00a0Georges Delaine<\/p>\n<ul>\n<li><strong>Mardi 26\u00a0juillet \u00e0\u00a0LIEUVILLERS<\/strong><\/li>\n<\/ul>\n<p>Lieu : Parc Pierre Durosoy (Mairie) Parking devant l&rsquo;\u00e9glise.<\/p>\n<ul>\n<li><strong>Jeudi 28 juillet \u00e0\u00a0NOINTEL<\/strong><\/li>\n<\/ul>\n<p>Lieu :\u00a0Salle des f\u00eates S\u00e9n\u00e9chal (derri\u00e8re la Mairie)<\/p>\n","protected":false},"excerpt":{"rendered":"<p>Encore une fois le CDJE-OISE vous attend pour donner un coup de main \u00a0(ou plut\u00f4t de voix) lors des ces<\/p>\n","protected":false},"author":2,"featured_media":3164,"comment_status":"closed","ping_status":"open","sticky":false,"template":"","format":"standard","meta":{"colormag_page_container_layout":"default_layout","colormag_page_sidebar_layout":"default_layout","jetpack_post_was_ever_published":false,"_jetpack_newsletter_access":"","_jetpack_dont_email_post_to_subs":false,"_jetpack_newsletter_tier_id":0,"_jetpack_memberships_contains_paywalled_content":false,"_jetpack_memberships_contains_paid_content":false,"footnotes":"","jetpack_publicize_message":"","jetpack_publicize_feature_enabled":true,"jetpack_social_post_already_shared":false,"jetpack_social_options":{"image_generator_settings":{"template":"highway","default_image_id":0,"font":"","enabled":false},"version":2}},"categories":[3],"tags":[],"class_list":["post-3145","post","type-post","status-publish","format-standard","has-post-thumbnail","hentry","category-manifestations"],"jetpack_publicize_connections":[],"jetpack_featured_media_url":"https:\/\/oise-echecs.fr\/wp-content\/uploads\/2016\/07\/4-village-Estival.jpg","jetpack_sharing_enabled":true,"jetpack_shortlink":"https:\/\/wp.me\/p90hcv-OJ","_links":{"self":[{"href":"https:\/\/oise-echecs.fr\/index.php?rest_route=\/wp\/v2\/posts\/3145","targetHints":{"allow":["GET"]}}],"collection":[{"href":"https:\/\/oise-echecs.fr\/index.php?rest_route=\/wp\/v2\/posts"}],"about":[{"href":"https:\/\/oise-echecs.fr\/index.php?rest_route=\/wp\/v2\/types\/post"}],"author":[{"embeddable":true,"href":"https:\/\/oise-echecs.fr\/index.php?rest_route=\/wp\/v2\/users\/2"}],"replies":[{"embeddable":true,"href":"https:\/\/oise-echecs.fr\/index.php?rest_route=%2Fwp%2Fv2%2Fcomments&post=3145"}],"version-history":[{"count":13,"href":"https:\/\/oise-echecs.fr\/index.php?rest_route=\/wp\/v2\/posts\/3145\/revisions"}],"predecessor-version":[{"id":3601,"href":"https:\/\/oise-echecs.fr\/index.php?rest_route=\/wp\/v2\/posts\/3145\/revisions\/3601"}],"wp:featuredmedia":[{"embeddable":true,"href":"https:\/\/oise-echecs.fr\/index.php?rest_route=\/wp\/v2\/media\/3164"}],"wp:attachment":[{"href":"https:\/\/oise-echecs.fr\/index.php?rest_route=%2Fwp%2Fv2%2Fmedia&parent=3145"}],"wp:term":[{"taxonomy":"category","embeddable":true,"href":"https:\/\/oise-echecs.fr\/index.php?rest_route=%2Fwp%2Fv2%2Fcategories&post=3145"},{"taxonomy":"post_tag","embeddable":true,"href":"https:\/\/oise-echecs.fr\/index.php?rest_route=%2Fwp%2Fv2%2Ftags&post=3145"}],"curies":[{"name":"wp","href":"https:\/\/api.w.org\/{rel}","templated":true}]}}