{"id":4450,"date":"2017-02-02T16:41:12","date_gmt":"2017-02-02T15:41:12","guid":{"rendered":"http:\/\/oise-echecs.fr\/?p=4450"},"modified":"2024-10-19T20:49:20","modified_gmt":"2024-10-19T19:49:20","slug":"gpo-j3-s16-17-a-senlis","status":"publish","type":"post","link":"https:\/\/oise-echecs.fr\/?p=4450","title":{"rendered":"GPO J3 dimanche 12 f\u00e9vrier \u00e0 Senlis"},"content":{"rendered":"<p>Un message des b\u00e9n\u00e9voles de Senlis ci-dessous &amp; encore un grand merci \u00e0 eux pour l&rsquo;organisation de cette belle apr\u00e8s-midi \u00e9chiqu\u00e9enne :<\/p>\n<p>\u00ab\u00a0Cela faisait tr\u00e8s (trop?) longtemps que le club d\u2019\u00e9checs de Senlis n\u2019avait pas particip\u00e9 \u00e0 l\u2019organisation d\u2019un tournoi d\u2019\u00e9checs.<\/p>\n<div style=\"margin: 0 1em 1em 0; float: left; text-align: center; font-family: Verdana,Tahoma,Arial;\"><a title=\"Ouvrir\/voir cet album\" href=\"https:\/\/album.zaclys.com\/ECHECS-GPO-S16-17-J3-SENLIS,a75,58955\" target=\"_blank\" rel=\"noopener\"><img decoding=\"async\" style=\"border: 0; margin: 0; padding: 0;\" src=\"https:\/\/album.zaclys.com\/download.php?alb=58955\" \/><\/a><br \/>\n<strong>ECHECS GPO S16-17 J3 SENLIS<\/strong><\/div>\n<p>&nbsp;<\/p>\n<p>&nbsp;<\/p>\n<p>&nbsp;<\/p>\n<p>&nbsp;<\/p>\n<p>&nbsp;<\/p>\n<p>Avec l\u2019aide au combien pr\u00e9cieuse du CDJEO, le 12 f\u00e9vrier \u00e0 la salle de l\u2019ob\u00e9lisque de Senlis, 68 courageux joueurs et joueuses se sont rassembl\u00e9s pour la 3 e ronde du grand prix de l\u2019Oise.<\/p>\n<p>L\u2019ambiance y fut sympathique et appliqu\u00e9e notamment pour la forte d\u00e9l\u00e9gation de jeunes praticiens du noble jeu, et ce malgr\u00e9 les cong\u00e9s d\u2019hiver .<\/p>\n<p>C\u2019est avec plaisir que nous accueillerons une \u00e9tape du GPO l\u2019ann\u00e9e prochaine.\u00a0\u00bb<\/p>\n<p>***********<\/p>\n<p>Les r\u00e9sultats sont en ligne &#8211; rubrique GPO.<\/p>\n<p>***********<\/p>\n<p>Le dimanche 12 f\u00e9vrier, le GPO revient \u00e0 Senlis (la derni\u00e8re fois \u00e9tait\u00a0au cours de\u00a0la saison 2007-2008).<\/p>\n<p>Date &amp; lieu \u00a0: dimanche 12 f\u00e9vrier au Centre de rencontre de l&rsquo;Ob\u00e9lisque, 4 ter avenue de Creil.<\/p>\n<p>Vous aurez en prime un arbitre \u00ab\u00a0stagiaire\u00a0\u00bb en la personne de Franck Radina qui validera, sans nul doute, lors de cette journ\u00e9e un passage oblig\u00e9 de son cursus d&rsquo;arbitrage. Vous saurez lui r\u00e9server quelques erreurs de coups, de probl\u00e8me de pendules, de placement de pi\u00e8ces, bref tout ce que vous me faites parfois sans que je vous le demande&#8230;<\/p>\n<p>Attention : Vents d&rsquo;Echecs (Conchy-les-Pots) vient en force avec 8 joueurs (sur les 14 licenci\u00e9s que compte le club).<\/p>\n<p>&nbsp;<\/p>\n<p>&nbsp;<\/p>\n","protected":false},"excerpt":{"rendered":"<p>Un message des b\u00e9n\u00e9voles de Senlis ci-dessous &amp; encore un grand merci \u00e0 eux pour l&rsquo;organisation de cette belle apr\u00e8s-midi<\/p>\n","protected":false},"author":2,"featured_media":4524,"comment_status":"closed","ping_status":"open","sticky":false,"template":"","format":"standard","meta":{"colormag_page_container_layout":"default_layout","colormag_page_sidebar_layout":"default_layout","jetpack_post_was_ever_published":false,"_jetpack_newsletter_access":"","_jetpack_dont_email_post_to_subs":false,"_jetpack_newsletter_tier_id":0,"_jetpack_memberships_contains_paywalled_content":false,"_jetpack_memberships_contains_paid_content":false,"footnotes":"","jetpack_publicize_message":"","jetpack_publicize_feature_enabled":true,"jetpack_social_post_already_shared":false,"jetpack_social_options":{"image_generator_settings":{"template":"highway","default_image_id":0,"font":"","enabled":false},"version":2}},"categories":[10,5],"tags":[],"class_list":["post-4450","post","type-post","status-publish","format-standard","has-post-thumbnail","hentry","category-cadence-rapide","category-gpo"],"jetpack_publicize_connections":[],"jetpack_featured_media_url":"https:\/\/oise-echecs.fr\/wp-content\/uploads\/2017\/02\/S16-17-J3-WEB.jpg","jetpack_sharing_enabled":true,"jetpack_shortlink":"https:\/\/wp.me\/p90hcv-19M","_links":{"self":[{"href":"https:\/\/oise-echecs.fr\/index.php?rest_route=\/wp\/v2\/posts\/4450","targetHints":{"allow":["GET"]}}],"collection":[{"href":"https:\/\/oise-echecs.fr\/index.php?rest_route=\/wp\/v2\/posts"}],"about":[{"href":"https:\/\/oise-echecs.fr\/index.php?rest_route=\/wp\/v2\/types\/post"}],"author":[{"embeddable":true,"href":"https:\/\/oise-echecs.fr\/index.php?rest_route=\/wp\/v2\/users\/2"}],"replies":[{"embeddable":true,"href":"https:\/\/oise-echecs.fr\/index.php?rest_route=%2Fwp%2Fv2%2Fcomments&post=4450"}],"version-history":[{"count":22,"href":"https:\/\/oise-echecs.fr\/index.php?rest_route=\/wp\/v2\/posts\/4450\/revisions"}],"predecessor-version":[{"id":12235,"href":"https:\/\/oise-echecs.fr\/index.php?rest_route=\/wp\/v2\/posts\/4450\/revisions\/12235"}],"wp:featuredmedia":[{"embeddable":true,"href":"https:\/\/oise-echecs.fr\/index.php?rest_route=\/wp\/v2\/media\/4524"}],"wp:attachment":[{"href":"https:\/\/oise-echecs.fr\/index.php?rest_route=%2Fwp%2Fv2%2Fmedia&parent=4450"}],"wp:term":[{"taxonomy":"category","embeddable":true,"href":"https:\/\/oise-echecs.fr\/index.php?rest_route=%2Fwp%2Fv2%2Fcategories&post=4450"},{"taxonomy":"post_tag","embeddable":true,"href":"https:\/\/oise-echecs.fr\/index.php?rest_route=%2Fwp%2Fv2%2Ftags&post=4450"}],"curies":[{"name":"wp","href":"https:\/\/api.w.org\/{rel}","templated":true}]}}