{"id":5141,"date":"2017-07-02T15:50:00","date_gmt":"2017-07-02T14:50:00","guid":{"rendered":"http:\/\/oise-echecs.fr\/?p=5141"},"modified":"2017-07-02T15:51:10","modified_gmt":"2017-07-02T14:51:10","slug":"fetes-aux-villages","status":"publish","type":"post","link":"https:\/\/oise-echecs.fr\/?p=5141","title":{"rendered":"FETES AUX VILLAGES"},"content":{"rendered":"<p>Ce samedi 1er juillet deux clubs de l&rsquo;Oise ont anim\u00e9 des ateliers ECHECS.<\/p>\n<ul>\n<li>Un \u00e0 M\u00e9ru, le lien sur cette journ\u00e9e sur leur blog :<a href=\" https:\/\/echecsetnacre.blogspot.fr\/\" target=\"_blanck\">ICI<\/a><\/li>\n<li>Un autre \u00e0 Pr\u00e9cy-sur-Oise.<\/li>\n<\/ul>\n<p>Concernant Pr\u00e9cy-sur-Oise, ci-dessous un compte-rendu de cette journ\u00e9e et un album photo.<\/p>\n<p>L&rsquo;album :<\/p>\n<div style=\"margin: 0 1em 1em 0; float: left; text-align: center; font-family: Verdana,Tahoma,Arial;\"><a title=\"Ouvrir\/voir cet album\" href=\"https:\/\/album.zaclys.com\/ECHECS-FETE-A-PRECY-2017,a75,62295\" target=\"_blank\" rel=\"noopener\"><img decoding=\"async\" style=\"border: 0; margin: 0; padding: 0;\" src=\"https:\/\/album.zaclys.com\/download.php?alb=62295\" \/><\/a><br \/>\n<strong>ECHECS FETE A PRECY 2017<\/strong><\/div>\n<p>&nbsp;<\/p>\n<p>&nbsp;<\/p>\n<p>&nbsp;<\/p>\n<p>&nbsp;<\/p>\n<p>&nbsp;<\/p>\n<p>Apr\u00e8s une pluie intense le matin, la m\u00e9t\u00e9o fut cl\u00e9mente d\u00e8s 13h00 afin de nous permettre de faire une animation plaisante&#8230;(ouf).<\/p>\n<p>Nous avons b\u00e9n\u00e9fici\u00e9 de nombreuses personnes gr\u00e2ce \u00e0 f\u00eate des \u00e9coles (traditionnellement \u00e0 une autre date et un autre lieu) juste avant avant de commencer la f\u00eate du village. Nous avons d\u00fb rajouter une table pour la premi\u00e8re fois depuis 4 ans afin de satisfaire l\u2019app\u00e9tit \u00e9chiqu\u00e9en des jeunes, mais aussi des moins jeunes. Le fait d&rsquo;avoir mis l&rsquo;\u00e9chiquier g\u00e9ant et un nombre r\u00e9duit de stand (plus un mariage juste \u00e0 c\u00f4t\u00e9, d&rsquo;o\u00f9 les photos avec des n\u0153uds papillons) les a attir\u00e9s.<\/p>\n<p>Heureusement que nous avons eu le renfort de Rapha\u00ebl du club de Droit au Mat et de Romain du club de Pont-sainte-Maxence.<\/p>\n<p>Comme d&rsquo;habitude les stands ferment \u00e0 18h00 et nous avons d\u00e9cid\u00e9 de fermer le stand \u00e0 &#8230; 19h30 afin de permettre aux plus mordus de finir leur partie.<\/p>\n<p>&#8212;&#8212;&#8212;&#8212;&#8212;&#8212;&#8212;&#8212;&#8212;&#8212;&#8212;&#8212;&#8212;&#8212;&#8212;&#8212;&#8212;&#8212;&#8212;&#8212;&#8212;&#8212;&#8212;&#8212;&#8212;&#8212;&#8212;&#8212;&#8212;&#8212;&#8212;&#8212;&#8212;&#8212;&#8212;&#8212;&#8212;&#8212;&#8211;<\/p>\n<p>Je rappelle aux clubs de ne pas h\u00e9siter \u00e0 communiquer avant et apr\u00e8s la manifestation (compte-rendu et photoS) gr\u00e2ce \u00e0 un de vos sites pr\u00e9f\u00e9r\u00e9s&#8230;<\/p>\n","protected":false},"excerpt":{"rendered":"<p>Ce samedi 1er juillet deux clubs de l&rsquo;Oise ont anim\u00e9 des ateliers ECHECS. Un \u00e0 M\u00e9ru, le lien sur cette<\/p>\n","protected":false},"author":2,"featured_media":5140,"comment_status":"closed","ping_status":"open","sticky":false,"template":"","format":"standard","meta":{"colormag_page_container_layout":"default_layout","colormag_page_sidebar_layout":"default_layout","jetpack_post_was_ever_published":false,"_jetpack_newsletter_access":"","_jetpack_dont_email_post_to_subs":false,"_jetpack_newsletter_tier_id":0,"_jetpack_memberships_contains_paywalled_content":false,"_jetpack_memberships_contains_paid_content":false,"footnotes":"","jetpack_publicize_message":"","jetpack_publicize_feature_enabled":true,"jetpack_social_post_already_shared":false,"jetpack_social_options":{"image_generator_settings":{"template":"highway","default_image_id":0,"font":"","enabled":false},"version":2}},"categories":[3],"tags":[],"class_list":["post-5141","post","type-post","status-publish","format-standard","has-post-thumbnail","hentry","category-manifestations"],"jetpack_publicize_connections":[],"jetpack_featured_media_url":"https:\/\/oise-echecs.fr\/wp-content\/uploads\/2017\/07\/Fete-PRECY-2017-Echecs-3-WEB.jpg","jetpack_sharing_enabled":true,"jetpack_shortlink":"https:\/\/wp.me\/p90hcv-1kV","_links":{"self":[{"href":"https:\/\/oise-echecs.fr\/index.php?rest_route=\/wp\/v2\/posts\/5141","targetHints":{"allow":["GET"]}}],"collection":[{"href":"https:\/\/oise-echecs.fr\/index.php?rest_route=\/wp\/v2\/posts"}],"about":[{"href":"https:\/\/oise-echecs.fr\/index.php?rest_route=\/wp\/v2\/types\/post"}],"author":[{"embeddable":true,"href":"https:\/\/oise-echecs.fr\/index.php?rest_route=\/wp\/v2\/users\/2"}],"replies":[{"embeddable":true,"href":"https:\/\/oise-echecs.fr\/index.php?rest_route=%2Fwp%2Fv2%2Fcomments&post=5141"}],"version-history":[{"count":5,"href":"https:\/\/oise-echecs.fr\/index.php?rest_route=\/wp\/v2\/posts\/5141\/revisions"}],"predecessor-version":[{"id":5146,"href":"https:\/\/oise-echecs.fr\/index.php?rest_route=\/wp\/v2\/posts\/5141\/revisions\/5146"}],"wp:featuredmedia":[{"embeddable":true,"href":"https:\/\/oise-echecs.fr\/index.php?rest_route=\/wp\/v2\/media\/5140"}],"wp:attachment":[{"href":"https:\/\/oise-echecs.fr\/index.php?rest_route=%2Fwp%2Fv2%2Fmedia&parent=5141"}],"wp:term":[{"taxonomy":"category","embeddable":true,"href":"https:\/\/oise-echecs.fr\/index.php?rest_route=%2Fwp%2Fv2%2Fcategories&post=5141"},{"taxonomy":"post_tag","embeddable":true,"href":"https:\/\/oise-echecs.fr\/index.php?rest_route=%2Fwp%2Fv2%2Ftags&post=5141"}],"curies":[{"name":"wp","href":"https:\/\/api.w.org\/{rel}","templated":true}]}}