{"id":5502,"date":"2017-09-29T10:18:20","date_gmt":"2017-09-29T09:18:20","guid":{"rendered":"http:\/\/oise-echecs.fr\/?p=5502"},"modified":"2017-10-03T18:44:46","modified_gmt":"2017-10-03T17:44:46","slug":"8eme-tournoi-rapide-de-st-just-en-chaussee","status":"publish","type":"post","link":"https:\/\/oise-echecs.fr\/?p=5502","title":{"rendered":"8EME TOURNOI RAPIDE DE ST JUST-EN-CHAUSSEE"},"content":{"rendered":"<p>Le compte-rendu de la journ\u00e9e et la photo de la remise des prix par Gervais Maupin, Pr\u00e9sident des Tours Infernales.<\/p>\n<p><span style=\"color: #000000;\"><span style=\"font-family: Arial;\"><span style=\"font-size: large;\">8\u00e8me Tournoi Rapide de Saint Just\u00a0:<\/span><\/span><\/span><\/p>\n<p><span style=\"color: #000000;\"><span style=\"font-family: Arial;\"><span style=\"font-size: large;\">Un nouveau champion et une nouvelle championne de l\u2019Oise !<\/span><\/span><\/span><\/p>\n<p><span style=\"color: #000000;\"><span style=\"font-family: Arial;\"><span style=\"font-size: small;\">Dimanche 1er octobre 2017, le club des Tours infernales organisait son 8\u00e8me tournoi de parties rapides \u00e0 la salle des f\u00eates de Saint Just en Chauss\u00e9e. Cette comp\u00e9tition support du championnat de l&rsquo;Oise a r\u00e9uni 46 participants, un effectif en baisse par rapport \u00e0 l\u2019an dernier.<\/span><\/span><\/span><\/p>\n<p><span style=\"color: #000000;\"><span style=\"font-family: Arial;\"><span style=\"font-size: small;\">La moyenne \u00e9lo du tournoi, en progression au fil des ann\u00e9es, r\u00e9v\u00e9lait un bon niveau de jeu sur les \u00e9chiquiers. Nous avons pu assister \u00e0 des parties \u00e9quilibr\u00e9es avec des finales tr\u00e8s disput\u00e9es.<\/span><\/span><\/span><\/p>\n<p><span style=\"color: #000000;\"><span style=\"font-family: Arial;\"><span style=\"font-size: small;\">Dans son annonce de bienvenue, le pr\u00e9sident des Tours Infernales ajouta un petit mot sympathique envers le Ma\u00eetre Nicolas Cl\u00e9ry pour sa fid\u00e9lit\u00e9 au tournoi tout en invitant les autres joueurs \u00e0 venir le d\u00e9fier voire le contrarier \u00e0 la table 1.<\/span><\/span><\/span><\/p>\n<p><span style=\"color: #000000;\"><span style=\"font-family: Arial;\"><span style=\"font-size: small;\"><u>Suspens \u00e0 l\u2019extr\u00eame dans le groupe de t\u00eate<\/u>\u00a0: <\/span><\/span><\/span><\/p>\n<p><span style=\"color: #000000;\"><span style=\"font-family: Arial;\"><span style=\"font-size: small;\">A la ronde 4, Nicolas Cl\u00e9ry (n\u00b01) d\u00fbt partager le point avec Wilfried Dehesdin (n\u00b02). Les chances de victoire finale \u00e9taient pr\u00e9serv\u00e9es de part et d\u2019autre. Cyril Le Brech (n\u00b09) pointait alors seul en t\u00eate avec 4 points en ayant battu Achraf Gueznai (n\u00b04) \u00e0 la ronde 3.<\/span><\/span><\/span><\/p>\n<p><span style=\"color: #000000;\"><span style=\"font-family: Arial;\"><span style=\"font-size: small;\">Sur sa lanc\u00e9e, Wilfried conclut la 5\u00e8me partie en l\u2019emportant face \u00e0 Cyril alors que Nicolas conc\u00e9da \u00e0 nouveau un demi-point, cette fois face \u00e0 Jean-Michel Mataigne (n\u00b03). A mi-parcours, le nouveau Saintjustois comptait une demi-longueur d\u2019avance sur un groupe de six poursuivants dont Emmanuelle Dubois, la f\u00e9minine n\u00b01 du jour.<\/span><\/span><\/span><\/p>\n<p><span style=\"color: #000000;\"><span style=\"font-family: Arial;\"><span style=\"font-size: small;\">Par la suite, malgr\u00e9 des parties tr\u00e8s tendues, Wilfried et Nicolas ne faiblirent pas. En gagnant respectivement leurs duels face aux pr\u00e9tendants du peloton, ils creus\u00e8rent l\u2019\u00e9cart au classement.<\/span><\/span><\/span><\/p>\n<p><span style=\"color: #000000;\"><span style=\"font-size: small;\"><span style=\"font-family: Arial;\">C&rsquo;est donc <\/span><span style=\"font-family: Arial;\"><b>Wilfried Dehesdin<\/b><\/span><span style=\"font-family: Arial;\"> (Saint Just) qui remporte le tournoi avec 8,5 points. Nouvellement licenci\u00e9 dans notre d\u00e9partement, il devient champion de l\u2019Oise de parties rapides.<\/span><\/span><\/span><\/p>\n<p><span style=\"color: #000000;\"><span style=\"font-size: small;\"><span style=\"font-family: Arial;\">Pour sa 5\u00e8me participation,<\/span><b> <\/b><span style=\"font-family: Arial;\"><b>Nicolas Cl\u00e9ry<\/b><\/span><span style=\"font-family: Arial;\">\u00a0(Noyon) <\/span><span style=\"font-family: Arial;\">se classe 2\u00e8me avec<\/span><span style=\"font-family: Arial;\"> 8 points. <\/span><\/span><\/span><\/p>\n<p><span style=\"color: #000000;\"><span style=\"font-size: small;\"><span style=\"font-family: Arial;\">Auteur d\u2019un beau parcours, <\/span><span style=\"font-family: Arial;\"><b>Cyril Le Brech<\/b><\/span><span style=\"font-family: Arial;\"> (Mouy) prend la 3\u00e8me place du podium avec 6,5 pts<\/span><\/span><\/span><\/p>\n<p><span style=\"color: #000000;\"><span style=\"font-family: Arial, Helvetica, sans-serif;\"><span style=\"font-size: small;\"><span style=\"font-family: Arial;\">N\u2019affichant que deux d\u00e9faites face aux deux premiers du classement, <\/span><span style=\"font-family: Arial;\"><b>Emmanuelle Dubois <\/b><\/span><span style=\"font-family: Arial;\">(Saint Just)<\/span><span style=\"font-family: Arial;\"> totalise 6 points et d\u00e9croche la 4\u00e8me place. Elle est championne de l\u2019Oise.<\/span><\/span><\/span><\/span><\/p>\n<p><span style=\"color: #000000;\"><span style=\"font-family: Arial, Helvetica, sans-serif;\"><span style=\"font-size: small;\"><span style=\"font-family: Arial;\">En gagnant ses deux derni\u00e8res parties, <\/span><span style=\"font-family: Arial;\"><b>Franck Radina<\/b><\/span><span style=\"font-family: Arial;\"> (Escames-Songeons) remonte suffisamment au classement pour remporter le prix attribu\u00e9 \u00e0 la 5\u00e8me place (6 points)<\/span><\/span><\/span><\/span><\/p>\n<p><span style=\"color: #000000;\"><span style=\"font-family: Arial;\"><span style=\"font-size: small;\">Un abonnement d\u2019un an au site Moracchini est attribu\u00e9 au champion de l\u2019Oise, un abonnement de 6 mois \u00e0 la championne.<\/span><\/span><\/span><\/p>\n<p><span style=\"color: #000000;\"><span style=\"font-family: Arial;\"><span style=\"font-size: small;\">Le prix attribu\u00e9 \u00e0 la 1\u00e8re f\u00e9minine revient \u00e0 <b>Iris De Kerhor<\/b> (Mouy)<\/span><\/span><\/span><\/p>\n<p><span style=\"color: #000000;\"><span style=\"font-family: Arial;\"><span style=\"font-size: small;\">Le 1er v\u00e9t\u00e9ran est\u00a0<b>Alex-Sacha Ladisic<\/b> (Tour Blanche Echecs)<\/span><\/span><\/span><\/p>\n<p><span style=\"color: #000000;\"><span style=\"font-family: Arial;\"><span style=\"font-size: small;\">Le 1er Senior Plus est\u00a0<b>Jean-Michel Mataigne <\/b>(Senlis)<\/span><\/span><\/span><\/p>\n<p><span style=\"color: #000000;\"><span style=\"font-family: Arial;\"><span style=\"font-size: small;\">C&rsquo;est\u00a0<b>Pierre Flour<\/b>\u00a0qui remporte le prix du 1er de Saint Just<\/span><\/span><\/span><\/p>\n<p><span style=\"color: #000000;\">\u00a0<\/span><\/p>\n<p><span style=\"color: #000000;\"><span style=\"font-family: Arial;\"><span style=\"font-size: small;\"><u>Les prix par cat\u00e9gorie \u00e9lo<\/u> :<\/span><\/span><\/span><\/p>\n<p><span style=\"color: #000000;\"><span style=\"font-family: Arial;\"><span style=\"font-size: small;\">1800-1999\u00a0: 1e <b>C<\/b><b>l\u00e9ment Ternisien<\/b> (Belloy)<\/span><\/span><\/span><\/p>\n<p><span style=\"color: #000000;\"><span style=\"font-family: Arial;\"><span style=\"font-size: small;\">1800-1999\u00a0: 2e <b>Luc Lafitte<\/b> (Senlis)<\/span><\/span><\/span><\/p>\n<p><span style=\"color: #000000;\"><span style=\"font-family: Arial;\"><span style=\"font-size: small;\">1700-1799 : <b>Farrel Iffour<\/b><b> <\/b>(Beauvais)<\/span><\/span><\/span><\/p>\n<p><span style=\"color: #000000;\"><span style=\"font-family: Arial;\"><span style=\"font-size: small;\">1600-1699\u00a0: <b>Jean-Yves Leclere<\/b> (Charleville Mezi\u00e8res)<\/span><\/span><\/span><\/p>\n<p><span style=\"color: #000000;\"><span style=\"font-family: Arial;\"><span style=\"font-size: small;\">1400-1599\u00a0: <b>Thomas Frazao<\/b> (Maignelay-Montigny)<\/span><\/span><\/span><\/p>\n<p><span style=\"color: #000000;\"><span style=\"font-family: Arial;\"><span style=\"font-size: small;\">1000-1399\u00a0: <b>Stanislas P\u00e9diac<\/b> (Maignelay-Montigny)<\/span><\/span><\/span><\/p>\n<p><span style=\"color: #000000;\">\u00a0<\/span><\/p>\n<p><span style=\"color: #000000;\"><span style=\"font-family: Arial;\"><span style=\"font-size: small;\"><u>Les troph\u00e9es et lots r\u00e9serv\u00e9s aux cat\u00e9gories jeunes<\/u> :<\/span><\/span><\/span><\/p>\n<p><span style=\"color: #000000;\"><span style=\"font-family: Arial;\"><span style=\"font-size: small;\">Cadet\u00a0: <b>Hugo Legrand<\/b> (Saint Just)<\/span><\/span><\/span><\/p>\n<p><span style=\"color: #000000;\"><span style=\"font-family: Arial;\"><span style=\"font-size: small;\">Minime\u00a0: <b>Simon Prud\u2019homme<\/b> (Beauvais)<\/span><\/span><\/span><\/p>\n<p><span style=\"color: #000000;\"><span style=\"font-family: Arial;\"><span style=\"font-size: small;\">Benjamin\u00a0: <b>Lothaire Cosson-Marie<\/b> (Saint Just)<\/span><\/span><\/span><\/p>\n<p><span style=\"color: #000000;\"><span style=\"font-family: Arial;\"><span style=\"font-size: small;\">Pupille\u00a0: <b>Maxime Robert<\/b> (Compi\u00e8gne)<\/span><\/span><\/span><\/p>\n<p><span style=\"color: #000000;\"><span style=\"font-family: Arial;\"><span style=\"font-size: small;\">Lots aux meilleures performances de chaque ronde\u00a0:<\/span><\/span><\/span><\/p>\n<p><span style=\"color: #000000;\"><span style=\"font-family: Arial;\"><span style=\"font-size: small;\"><b>Ivan Hanzek<\/b> (Beauvais), Henryk Wiktor (Saint Just), Lothaire Cosson-Marie (Saint Just), Diego Garcia (Beauvais), Jean-Yves Leclere (Charleville Mezi\u00e8res), Stanislas Pediac (Maignelay-Montigny), Thomas Frazao (Maignelay-Montigny), Gilles Laroumanie (Senlis), Farrel Iffour (Beauvais)<\/span><\/span><\/span><\/p>\n<p align=\"justify\"><span style=\"color: #000000;\"><span style=\"font-size: small;\"><span style=\"font-family: Arial;\">Merci \u00e0 <\/span><span style=\"font-family: Arial;\">Emmanuel Variniac et son assistant, Claude Dazin,<\/span><span style=\"font-family: Arial;\"> pour <\/span><span style=\"font-family: Arial;\">leur <\/span><span style=\"font-family: Arial;\">arbitrage <\/span><span style=\"font-family: Arial;\">irr\u00e9prochable.<\/span><\/span><\/span><\/p>\n<p align=\"justify\"><span style=\"color: #000000;\"><span style=\"font-size: small;\"><span style=\"font-family: Arial;\">Merci aux b<\/span><span style=\"font-family: Arial;\">\u00e9n\u00e9voles du club de Saint Just qui ont permis \u00e0 tous de passer une agr\u00e9able journ\u00e9e.<\/span><\/span><\/span><\/p>\n<p align=\"justify\"><span style=\"color: #000000;\"><span style=\"font-size: small;\"><span style=\"font-family: Arial;\">Les compliments, les m<\/span><span style=\"font-family: Arial;\">arques<\/span><span style=\"font-family: Arial;\"> de sympathie en retour <\/span><span style=\"font-family: Arial;\">sont appr\u00e9ciables <\/span><span style=\"font-family: Arial;\">et les encouragent \u00e0 faire encore mieux.<\/span><\/span><\/span><\/p>\n<p align=\"justify\"><span style=\"color: #000000;\"><span style=\"font-size: small;\"><span style=\"font-family: Arial;\">M<\/span><span style=\"font-family: Arial;\">erci \u00e0 Franck Radina pour son article qu\u2019il a post\u00e9 sur le blog du club d\u2019Escames Songeons\u00a0: <\/span><span style=\"font-family: Arial;\"><b>http:\/\/www.songeons-echecs.fr\/?p=636<\/b><\/span><\/span><\/span><\/p>\n<p align=\"center\"><span style=\"color: #000000;\"><span style=\"font-size: small;\"><span style=\"font-family: Arial;\">G<\/span><span style=\"font-family: Arial;\">rille de r\u00e9sultats<\/span><\/span><\/span><\/p>\n<p align=\"center\"><span style=\"color: #000000;\"><span style=\"font-family: Arial;\"><span style=\"font-size: small;\">Classement final<\/span><\/span><\/span><\/p>\n<p align=\"justify\"><span style=\"color: #000000;\"><span style=\"font-family: Arial;\"><span style=\"font-size: small;\">Au plaisir de vous revoir toujours plus nombreux pour la prochaine \u00e9dition<\/span><\/span><\/span><\/p>\n<p>&nbsp;<\/p>\n<p>&nbsp;<\/p>\n<p><a href=\"http:\/\/oise-echecs.fr\/wp-content\/uploads\/2017\/10\/Photo-Remise-des-prix-2017-1.jpg\"><img loading=\"lazy\" decoding=\"async\" class=\"aligncenter  wp-image-5580\" src=\"http:\/\/oise-echecs.fr\/wp-content\/uploads\/2017\/10\/Photo-Remise-des-prix-2017-1-300x128.jpg\" alt=\"\" width=\"490\" height=\"209\" srcset=\"https:\/\/oise-echecs.fr\/wp-content\/uploads\/2017\/10\/Photo-Remise-des-prix-2017-1-300x128.jpg 300w, https:\/\/oise-echecs.fr\/wp-content\/uploads\/2017\/10\/Photo-Remise-des-prix-2017-1-768x328.jpg 768w, https:\/\/oise-echecs.fr\/wp-content\/uploads\/2017\/10\/Photo-Remise-des-prix-2017-1-1024x437.jpg 1024w, https:\/\/oise-echecs.fr\/wp-content\/uploads\/2017\/10\/Photo-Remise-des-prix-2017-1.jpg 1035w\" sizes=\"auto, (max-width: 490px) 100vw, 490px\" \/><\/a><\/p>\n<p>&nbsp;<\/p>\n<p>&nbsp;<\/p>\n<p>&nbsp;<\/p>\n<p>*********<\/p>\n<p>Le club des Tours Infernales organise son 8\u00e8me Tournoi rapide \u00e0 Saint Just en Chauss\u00e9e<\/p>\n<p><strong>Dimanche 1er octobre 2017<\/strong> \u00e0 la salle des f\u00eates &#8211; place Ren\u00e9 Benoist<\/p>\n<p>&nbsp;<\/p>\n<p>&#8211; Support du Championnat de l&rsquo;Oise de parties rapides<\/p>\n<p>&#8211; Cadence : 9 rondes de 2 x 10 mn + 5 secondes par coup<\/p>\n<p>&#8211; Cl\u00f4ture des inscriptions \u00e0 9h45 &#8211; 1\u00e8re ronde \u00e0 10h00<\/p>\n<p>&#8211; <strong>Pr\u00e9inscriptions<\/strong> 10 \u20ac et 5 \u20ac (-20 ans) <strong>jusqu&rsquo;au 30 septembre<\/strong> (sur place 12 \u20ac et 6 \u20ac)<\/p>\n<p>par mail aupr\u00e8s de Emmanuel Variniac AF1 &#8211; <a href=\"mailto:emmanuel.variniac@laposte.net\">emmanuel.variniac@laposte.net<\/a><\/p>\n<p>ou aupr\u00e8s de Gervais Maupin par t\u00e9l (03 44 78 88 49), par mail <a href=\"mailto:gervais.maupin@orange.fr\">gervais.maupin@orange.fr<\/a>, par sms (07 50 88 48 79)<\/p>\n<p>&nbsp;<\/p>\n<p>&#8211; Buvette et petite restauration<\/p>\n<p>&#8211; Total des prix = 700 \u20ac + lots<\/p>\n<p>1er prix &#8211; 150 \u20ac, \u00a02e &#8211; 120 \u20ac, \u00a03e &#8211; 80 \u20ac, \u00a04e &#8211; 50 \u20ac, \u00a05e &#8211; 30 \u20ac<\/p>\n<p>Prix f\u00e9minin, prix v\u00e9t\u00e9ran, prix jeunes, prix cat\u00e9gories \u00e9lo<\/p>\n<p>1er et 1\u00e8re de l&rsquo;Oise = 1 an et 6 mois d&rsquo;abonnement au site du partenaire de l&rsquo;Oise \u00ab\u00a0Moracchini Echecs Institut\u00a0\u00bb<\/p>\n<p><strong>Site internet du club = \u00a0 <a href=\"http:\/\/club.quomodo.com\/lestoursinfernales\" target=\"_blanck\">http:\/\/club.quomodo.com\/lestoursinfernales<\/a><\/strong><\/p>\n<p>Liste des pr\u00e9-inscrits :\u00a0<a href=\"http:\/\/www.echecs.asso.fr\/Resultats.aspx?URL=Tournois\/Id\/42329\/42329&amp;Action=Cl\" target=\"_blanck\">http:\/\/www.echecs.asso.fr\/Resultats.aspx?URL=Tournois\/Id\/42329\/42329&amp;Action=Cl<\/a><\/p>\n<p>&nbsp;<\/p>\n<p>&nbsp;<\/p>\n<p>&nbsp;<\/p>\n","protected":false},"excerpt":{"rendered":"<p>Le compte-rendu de la journ\u00e9e et la photo de la remise des prix par Gervais Maupin, Pr\u00e9sident des Tours Infernales.<\/p>\n","protected":false},"author":2,"featured_media":5504,"comment_status":"open","ping_status":"open","sticky":false,"template":"","format":"standard","meta":{"colormag_page_container_layout":"default_layout","colormag_page_sidebar_layout":"default_layout","jetpack_post_was_ever_published":false,"_jetpack_newsletter_access":"","_jetpack_dont_email_post_to_subs":false,"_jetpack_newsletter_tier_id":0,"_jetpack_memberships_contains_paywalled_content":false,"_jetpack_memberships_contains_paid_content":false,"footnotes":"","jetpack_publicize_message":"","jetpack_publicize_feature_enabled":true,"jetpack_social_post_already_shared":true,"jetpack_social_options":{"image_generator_settings":{"template":"highway","default_image_id":0,"font":"","enabled":false},"version":2}},"categories":[10],"tags":[],"class_list":["post-5502","post","type-post","status-publish","format-standard","has-post-thumbnail","hentry","category-cadence-rapide"],"jetpack_publicize_connections":[],"jetpack_featured_media_url":"https:\/\/oise-echecs.fr\/wp-content\/uploads\/2017\/09\/AFFICHE-Tournoi-de-St-Just-2017.jpg","jetpack_sharing_enabled":true,"jetpack_shortlink":"https:\/\/wp.me\/p90hcv-1qK","_links":{"self":[{"href":"https:\/\/oise-echecs.fr\/index.php?rest_route=\/wp\/v2\/posts\/5502","targetHints":{"allow":["GET"]}}],"collection":[{"href":"https:\/\/oise-echecs.fr\/index.php?rest_route=\/wp\/v2\/posts"}],"about":[{"href":"https:\/\/oise-echecs.fr\/index.php?rest_route=\/wp\/v2\/types\/post"}],"author":[{"embeddable":true,"href":"https:\/\/oise-echecs.fr\/index.php?rest_route=\/wp\/v2\/users\/2"}],"replies":[{"embeddable":true,"href":"https:\/\/oise-echecs.fr\/index.php?rest_route=%2Fwp%2Fv2%2Fcomments&post=5502"}],"version-history":[{"count":8,"href":"https:\/\/oise-echecs.fr\/index.php?rest_route=\/wp\/v2\/posts\/5502\/revisions"}],"predecessor-version":[{"id":5581,"href":"https:\/\/oise-echecs.fr\/index.php?rest_route=\/wp\/v2\/posts\/5502\/revisions\/5581"}],"wp:featuredmedia":[{"embeddable":true,"href":"https:\/\/oise-echecs.fr\/index.php?rest_route=\/wp\/v2\/media\/5504"}],"wp:attachment":[{"href":"https:\/\/oise-echecs.fr\/index.php?rest_route=%2Fwp%2Fv2%2Fmedia&parent=5502"}],"wp:term":[{"taxonomy":"category","embeddable":true,"href":"https:\/\/oise-echecs.fr\/index.php?rest_route=%2Fwp%2Fv2%2Fcategories&post=5502"},{"taxonomy":"post_tag","embeddable":true,"href":"https:\/\/oise-echecs.fr\/index.php?rest_route=%2Fwp%2Fv2%2Ftags&post=5502"}],"curies":[{"name":"wp","href":"https:\/\/api.w.org\/{rel}","templated":true}]}}