{"id":6031,"date":"2018-01-21T11:09:56","date_gmt":"2018-01-21T10:09:56","guid":{"rendered":"http:\/\/oise-echecs.fr\/?p=6031"},"modified":"2018-01-21T22:36:42","modified_gmt":"2018-01-21T21:36:42","slug":"deces-de-paul-jany","status":"publish","type":"post","link":"https:\/\/oise-echecs.fr\/?p=6031","title":{"rendered":"DECES DE PAUL JANY"},"content":{"rendered":"<p><a href=\"http:\/\/oise-echecs.fr\/wp-content\/uploads\/2018\/01\/Paul-JANY.jpg\"><img loading=\"lazy\" decoding=\"async\" class=\"aligncenter size-thumbnail wp-image-6033\" src=\"http:\/\/oise-echecs.fr\/wp-content\/uploads\/2018\/01\/Paul-JANY-150x150.jpg\" alt=\"\" width=\"150\" height=\"150\" \/><\/a><\/p>\n<p>C&rsquo;est avec une immense tristesse que nous venons d&rsquo;apprendre le d\u00e9c\u00e8s de Paul JANY, Pr\u00e9sident de l&rsquo;\u00e9chiquier Amienois et ancien pr\u00e9sident du CDJE-SOMME de 2004 \u00e0 2012.<\/p>\n<p>Ses obs\u00e8ques auront lieu le mercredi 24 janvier \u00e0 14h30 en l&rsquo;\u00e9glise St Martin \u00e0 Amiens.<\/p>\n<p>Le CDJE-OISE sera repr\u00e9sent\u00e9.<\/p>\n<p>Le Pr\u00e9sident du CDJE-OISE pr\u00e9sente ses condol\u00e9ances \u00e0 sa famille au nom du comit\u00e9, des clubs et des joueurs d&rsquo;Echecs qu&rsquo;ils l&rsquo;aient connu ou pas. GENS UNA SUMUS.<\/p>\n<hr \/>\n<p>Un mot du MI Nicolas CLERY<\/p>\n<div id=\"yui_3_16_0_ym19_1_1516526937876_39368\"><span style=\"color: #800080;\"><em><span id=\"yui_3_16_0_ym19_1_1516526937876_39620\">C&rsquo;est avec une immense tristesse que j&rsquo;ai appris hier soir le d\u00e9c\u00e8s de Paul Jany.<\/span><\/em><\/span><\/div>\n<div id=\"yui_3_16_0_ym19_1_1516526937876_39621\"><span style=\"color: #800080;\"><em><span id=\"yui_3_16_0_ym19_1_1516526937876_39622\">\u00a0<\/span><\/em><\/span><\/div>\n<div id=\"yui_3_16_0_ym19_1_1516526937876_39624\"><span style=\"color: #800080;\"><em><span id=\"yui_3_16_0_ym19_1_1516526937876_39625\">Lorsque j\u2019ai pouss\u00e9 pour la premi\u00e8re fois les portes d\u2019un club d\u2019\u00e9checs, c\u2019\u00e9tait \u00e0 Amiens en 1995.<\/span><\/em><\/span><\/div>\n<div id=\"yui_3_16_0_ym19_1_1516526937876_39629\"><span style=\"color: #800080;\"><em><span id=\"yui_3_16_0_ym19_1_1516526937876_39630\">Paul \u00e9tait d\u00e9j\u00e0 un dirigeant du club, en compagnie de Charles Kuchelbecker bien s\u00fbr.<\/span><\/em><\/span><\/div>\n<div id=\"yui_3_16_0_ym19_1_1516526937876_39631\"><span style=\"color: #800080;\"><em><span id=\"yui_3_16_0_ym19_1_1516526937876_39632\">Il a \u00e9t\u00e9 pendant de nombreuses ann\u00e9es correspondant de l\u2019Echiquier Ami\u00e9nois puis pr\u00e9sident, pr\u00e9sident \u00e9galement du comit\u00e9 d\u00e9partemental de la Somme de 2004 \u00e0 2012.<\/span><\/em><\/span><\/div>\n<div id=\"yui_3_16_0_ym19_1_1516526937876_39636\"><span style=\"color: #800080;\"><em><span id=\"yui_3_16_0_ym19_1_1516526937876_39637\">Rapidement Paul est devenu un ami. Nous nous voyions le samedi apr\u00e8s midi au club. Il y avait le championnat d\u2019Amiens, la coupe\u2026 Il participait aussi fr\u00e9quemment aux tournois rapides des alentours, le dimanche apr\u00e8s midi.<\/span><\/em><\/span><\/div>\n<div id=\"yui_3_16_0_ym19_1_1516526937876_39641\"><span style=\"color: #800080;\"><em><span id=\"yui_3_16_0_ym19_1_1516526937876_39642\">Plus tard, lorsque j\u2019\u00e9tais \u00e9tudiant je passais souvent le voir \u00e0 la pharmacie Saint-Leu o\u00f9 il travaillait avec son \u00e9pouse. Nous \u00e9changions quelques mots sur l\u2019actualit\u00e9, le club, les derniers r\u00e9sultats d\u2019Etienne Bacrot qu\u2019il avait vu arriver au club\u2026 Il \u00e9tait curieux, bienveillant et positif en toutes occasions.<u id=\"yui_3_16_0_ym19_1_1516526937876_39643\"><\/u><\/span><\/em><\/span><\/div>\n<div id=\"yui_3_16_0_ym19_1_1516526937876_39647\"><span style=\"color: #800080;\"><em><span id=\"yui_3_16_0_ym19_1_1516526937876_39648\">En compagnie de Laurent Riquier et Fr\u00e9d\u00e9ric Parant, il avait lanc\u00e9 le festival d\u2019Amiens\u00a0; festival sur 3 jours (blitz \u00e0 4, blitz et tournoi rapide), dont beaucoup se souviennent, et qui se tenait rue Valentin Hauy \u00e0 Amiens au mois de mai entre 1997 et 2004.<\/span><\/em><\/span><\/div>\n<div id=\"yui_3_16_0_ym19_1_1516526937876_39652\"><span style=\"color: #800080;\"><em><span id=\"yui_3_16_0_ym19_1_1516526937876_39653\">Fervent passionn\u00e9 du jeu d\u2019\u00e9checs, il \u00e9tait un de ces nombreux b\u00e9n\u00e9voles sans qui les associations et clubs sportifs ne tourneraient pas. J\u2019ai obtenu le titre de ma\u00eetre international en 2010\u00a0; nul doute d\u2019une petite partie de ce titre est due \u00e0 Paul.<\/span><\/em><\/span><\/div>\n<div id=\"yui_3_16_0_ym19_1_1516526937876_39657\"><em><span id=\"yui_3_16_0_ym19_1_1516526937876_39658\" style=\"color: #800080;\">Administrateur au Lyc\u00e9e la Providence d\u2019Amiens, il avait pu mettre \u00e0 disposition, en de nombreuses occasions, une salle pour les joueurs d\u2019\u00e9checs (tournois rapides, qualificatifs jeunes\u2026).<\/span><\/em><\/div>\n<div id=\"yui_3_16_0_ym19_1_1516526937876_39662\"><em><span id=\"yui_3_16_0_ym19_1_1516526937876_39663\" style=\"color: #800080;\">Derni\u00e8rement, il avait organis\u00e9 les 70 ans du Club d\u2019Amiens. C\u2019\u00e9tait en mars 2016, sur deux jours\u00a0: un blitz et un rapide. Son ami Jacques Garet avait tenu \u00e0 \u00eatre pr\u00e9sent et avait prononc\u00e9 un petit discours lors de la remise des prix.<\/span><\/em><\/div>\n<div id=\"yui_3_16_0_ym19_1_1516526937876_39667\"><em><span id=\"yui_3_16_0_ym19_1_1516526937876_39668\" style=\"color: #800080;\">Paul \u00e9tait aussi un fort joueur de Bridge. En 2015, il avait remport\u00e9 la finale nationale en Open Honneur par quatre.<\/span><\/em><\/div>\n<div id=\"yui_3_16_0_ym19_1_1516526937876_39672\"><em><span id=\"yui_3_16_0_ym19_1_1516526937876_39673\" style=\"color: #800080;\">Engag\u00e9 dans l\u2019action sociale, Il avait aussi \u00e9t\u00e9 tr\u00e9sorier b\u00e9n\u00e9vole pendant plusieurs ann\u00e9es d\u2019UDAPIA, association ayant pour mission d\u2019aider les personnes en difficult\u00e9 \u00e0 se r\u00e9ins\u00e9rer par l\u2019alimentaire. Nous avions \u00e9chang\u00e9 sur ce projet, notamment sur la gestion des fonds europ\u00e9ens.<\/span><\/em><\/div>\n<div id=\"yui_3_16_0_ym19_1_1516526937876_39674\"><em><span id=\"yui_3_16_0_ym19_1_1516526937876_39675\" style=\"color: #800080;\">http:\/\/www.courrier-picard.fr\/archive\/recup\/region\/a-amiens-l-udapia-dresse-un-bilan-2013-mitige-ia167b0n387408<\/span><\/em><\/div>\n<div id=\"yui_3_16_0_ym19_1_1516526937876_39679\"><em><span id=\"yui_3_16_0_ym19_1_1516526937876_39680\" style=\"color: #800080;\">L\u2019\u00e9t\u00e9 dernier, il avait particip\u00e9 \u00e0 notre tournoi des Coudriers (petit tournoi entre anciens ami\u00e9nois avec des variantes du jeu d\u2019\u00e9checs). Ce rendez vous \u00e9tait important pour lui, il tenait \u00e0 \u00eatre pr\u00e9sent et prenait toujours plaisir \u00e0 se creuser les m\u00e9ninges et \u00e0 partager le repas convivial de la mi journ\u00e9e.<\/span><\/em><\/div>\n<div id=\"yui_3_16_0_ym19_1_1516526937876_39684\"><em><span id=\"yui_3_16_0_ym19_1_1516526937876_39685\" style=\"color: #800080;\">Nous nous sommes vus pour la derni\u00e8re fois en septembre lors d\u2019un petit tournoi en parties rapides. Comme toujours, nous avions parl\u00e9 \u00e9checs, bridge\u2026 Rien ne pouvait me laisser penser \u00e0 ce moment que je ne le reverrai pas.<\/span><\/em><\/div>\n<div id=\"yui_3_16_0_ym19_1_1516526937876_39686\"><em><span id=\"yui_3_16_0_ym19_1_1516526937876_39687\" style=\"color: #800080;\">\u00a0<\/span><\/em><\/div>\n<div id=\"yui_3_16_0_ym19_1_1516526937876_39689\"><em><span id=\"yui_3_16_0_ym19_1_1516526937876_39690\" style=\"color: #800080;\">Au revoir Paul, tu vas nous manquer<\/span><\/em><\/div>\n<div id=\"yui_3_16_0_ym19_1_1516526937876_39691\"><span id=\"yui_3_16_0_ym19_1_1516526937876_39692\">\u00a0<\/span><\/div>\n<div id=\"yui_3_16_0_ym19_1_1516526937876_39694\"><span id=\"yui_3_16_0_ym19_1_1516526937876_39695\">Nicolas<\/span><\/div>\n<hr \/>\n<p>&nbsp;<\/p>\n","protected":false},"excerpt":{"rendered":"<p>C&rsquo;est avec une immense tristesse que nous venons d&rsquo;apprendre le d\u00e9c\u00e8s de Paul JANY, Pr\u00e9sident de l&rsquo;\u00e9chiquier Amienois et ancien<\/p>\n","protected":false},"author":2,"featured_media":6033,"comment_status":"open","ping_status":"open","sticky":false,"template":"","format":"standard","meta":{"colormag_page_container_layout":"default_layout","colormag_page_sidebar_layout":"default_layout","jetpack_post_was_ever_published":false,"_jetpack_newsletter_access":"","_jetpack_dont_email_post_to_subs":false,"_jetpack_newsletter_tier_id":0,"_jetpack_memberships_contains_paywalled_content":false,"_jetpack_memberships_contains_paid_content":false,"footnotes":"","jetpack_publicize_message":"","jetpack_publicize_feature_enabled":true,"jetpack_social_post_already_shared":true,"jetpack_social_options":{"image_generator_settings":{"template":"highway","default_image_id":0,"font":"","enabled":false},"version":2}},"categories":[1],"tags":[],"class_list":["post-6031","post","type-post","status-publish","format-standard","has-post-thumbnail","hentry","category-divers"],"jetpack_publicize_connections":[],"jetpack_featured_media_url":"https:\/\/oise-echecs.fr\/wp-content\/uploads\/2018\/01\/Paul-JANY.jpg","jetpack_sharing_enabled":true,"jetpack_shortlink":"https:\/\/wp.me\/p90hcv-1zh","_links":{"self":[{"href":"https:\/\/oise-echecs.fr\/index.php?rest_route=\/wp\/v2\/posts\/6031","targetHints":{"allow":["GET"]}}],"collection":[{"href":"https:\/\/oise-echecs.fr\/index.php?rest_route=\/wp\/v2\/posts"}],"about":[{"href":"https:\/\/oise-echecs.fr\/index.php?rest_route=\/wp\/v2\/types\/post"}],"author":[{"embeddable":true,"href":"https:\/\/oise-echecs.fr\/index.php?rest_route=\/wp\/v2\/users\/2"}],"replies":[{"embeddable":true,"href":"https:\/\/oise-echecs.fr\/index.php?rest_route=%2Fwp%2Fv2%2Fcomments&post=6031"}],"version-history":[{"count":4,"href":"https:\/\/oise-echecs.fr\/index.php?rest_route=\/wp\/v2\/posts\/6031\/revisions"}],"predecessor-version":[{"id":6042,"href":"https:\/\/oise-echecs.fr\/index.php?rest_route=\/wp\/v2\/posts\/6031\/revisions\/6042"}],"wp:featuredmedia":[{"embeddable":true,"href":"https:\/\/oise-echecs.fr\/index.php?rest_route=\/wp\/v2\/media\/6033"}],"wp:attachment":[{"href":"https:\/\/oise-echecs.fr\/index.php?rest_route=%2Fwp%2Fv2%2Fmedia&parent=6031"}],"wp:term":[{"taxonomy":"category","embeddable":true,"href":"https:\/\/oise-echecs.fr\/index.php?rest_route=%2Fwp%2Fv2%2Fcategories&post=6031"},{"taxonomy":"post_tag","embeddable":true,"href":"https:\/\/oise-echecs.fr\/index.php?rest_route=%2Fwp%2Fv2%2Ftags&post=6031"}],"curies":[{"name":"wp","href":"https:\/\/api.w.org\/{rel}","templated":true}]}}