{"id":6310,"date":"2018-04-11T05:56:02","date_gmt":"2018-04-11T04:56:02","guid":{"rendered":"http:\/\/oise-echecs.fr\/?p=6310"},"modified":"2024-10-19T21:27:02","modified_gmt":"2024-10-19T20:27:02","slug":"rapide-fide-de-lutece-echecs","status":"publish","type":"post","link":"https:\/\/oise-echecs.fr\/?p=6310","title":{"rendered":"RAPIDE FIDE DE LUTECE ECHECS"},"content":{"rendered":"<p>Cyril Le Brech de Droit Au Mat revient sur son parcours et celui de sa s\u0153ur lors du Rapide Fide du 8\u00e8me Festival du Marais de Lut\u00e8ce Echecs !<\/p>\n<hr \/>\n<p><span style=\"color: #993300;\"><em>Iris et moi avons particip\u00e9 au Rapide Fide de Lut\u00e8ce, qui se d\u00e9roulait dans la mairie du 4 \u00e8me.<\/em><\/span><\/p>\n<p><span style=\"color: #993300;\"><em>Il a commenc\u00e9 avec un peu de retard, d\u00fb \u00e0 un autre tournoi qui n&rsquo;\u00e9tait pas encore termin\u00e9. Les lieux \u00e9taient jolis, mais la salle pas assez spacieuse, et le distributeur automatique de nourriture \u00e9tait presque vide \ud83d\ude09<\/em><\/span><\/p>\n<p><span style=\"color: #993300;\"><em>J&rsquo;ai fait un bon tournoi avec 5\/7 dont une victoire contre la ma\u00eetre Elena Sedina, et je finis 11 \u00e8me sur 73 (prix de ma cat\u00e9gorie.)<\/em><\/span><\/p>\n<p><span style=\"color: #993300;\"><em>Iris a affront\u00e9 d\u00e8s la premi\u00e8re ronde la grand ma\u00eetre f\u00e9minin Tatiana Dornbusch, et a fait une belle partie. Elle finit 54 \u00e8me avec 3\/7.<\/em><\/span><\/p>\n<p><span style=\"color: #993300;\"><em>L&rsquo;Open International du 8e Festival, qui avait lieu dans une autre salle, s&rsquo;est \u00e9galement termin\u00e9 dans la journ\u00e9e.<\/em><\/span><\/p>\n<p><span style=\"color: #993300;\"><em>Il y avait m\u00eame un tournage en cours, d&rsquo;abord \u00e0 l&rsquo;ext\u00e9rieur, puis \u00e0 l&rsquo;int\u00e9rieur de la mairie. Nous avons failli interrompre par m\u00e9garde une sc\u00e8ne en passant !<\/em><\/span><\/p>\n<p><span style=\"color: #993300;\"><em>C&rsquo;est Jean-Pierre Le Roux, que j&rsquo;ai affront\u00e9 \u00e0 la derni\u00e8re ronde, qui finit premier, avec 6,5\/7.<\/em><\/span><\/p>\n<hr \/>\n<p>La grille am\u00e9ricaine ici :<\/p>\n<p><a href=\"http:\/\/www.echecs.asso.fr\/Resultats.aspx?URL=Tournois\/Id\/44283\/44283&amp;Action=Ga\" target=\"_blank\" rel=\"noopener\">http:\/\/www.echecs.asso.fr\/Resultats.aspx?URL=Tournois\/Id\/44283\/44283&amp;Action=Ga<\/a><\/p>\n<p>&nbsp;<\/p>\n<p>&nbsp;<\/p>\n<p>&nbsp;<\/p>\n<p>&nbsp;<\/p>\n","protected":false},"excerpt":{"rendered":"<p>Cyril Le Brech de Droit Au Mat revient sur son parcours et celui de sa s\u0153ur lors du Rapide Fide<\/p>\n","protected":false},"author":2,"featured_media":6309,"comment_status":"open","ping_status":"open","sticky":false,"template":"","format":"standard","meta":{"colormag_page_container_layout":"default_layout","colormag_page_sidebar_layout":"default_layout","jetpack_post_was_ever_published":false,"_jetpack_newsletter_access":"","_jetpack_dont_email_post_to_subs":false,"_jetpack_newsletter_tier_id":0,"_jetpack_memberships_contains_paywalled_content":false,"_jetpack_memberships_contains_paid_content":false,"footnotes":"","jetpack_publicize_message":"","jetpack_publicize_feature_enabled":true,"jetpack_social_post_already_shared":true,"jetpack_social_options":{"image_generator_settings":{"template":"highway","default_image_id":0,"font":"","enabled":false},"version":2}},"categories":[10],"tags":[],"class_list":["post-6310","post","type-post","status-publish","format-standard","has-post-thumbnail","hentry","category-cadence-rapide"],"jetpack_publicize_connections":[],"jetpack_featured_media_url":"https:\/\/oise-echecs.fr\/wp-content\/uploads\/2018\/04\/affiche-Lutece.png","jetpack_sharing_enabled":true,"jetpack_shortlink":"https:\/\/wp.me\/p90hcv-1DM","_links":{"self":[{"href":"https:\/\/oise-echecs.fr\/index.php?rest_route=\/wp\/v2\/posts\/6310","targetHints":{"allow":["GET"]}}],"collection":[{"href":"https:\/\/oise-echecs.fr\/index.php?rest_route=\/wp\/v2\/posts"}],"about":[{"href":"https:\/\/oise-echecs.fr\/index.php?rest_route=\/wp\/v2\/types\/post"}],"author":[{"embeddable":true,"href":"https:\/\/oise-echecs.fr\/index.php?rest_route=\/wp\/v2\/users\/2"}],"replies":[{"embeddable":true,"href":"https:\/\/oise-echecs.fr\/index.php?rest_route=%2Fwp%2Fv2%2Fcomments&post=6310"}],"version-history":[{"count":2,"href":"https:\/\/oise-echecs.fr\/index.php?rest_route=\/wp\/v2\/posts\/6310\/revisions"}],"predecessor-version":[{"id":6312,"href":"https:\/\/oise-echecs.fr\/index.php?rest_route=\/wp\/v2\/posts\/6310\/revisions\/6312"}],"wp:featuredmedia":[{"embeddable":true,"href":"https:\/\/oise-echecs.fr\/index.php?rest_route=\/wp\/v2\/media\/6309"}],"wp:attachment":[{"href":"https:\/\/oise-echecs.fr\/index.php?rest_route=%2Fwp%2Fv2%2Fmedia&parent=6310"}],"wp:term":[{"taxonomy":"category","embeddable":true,"href":"https:\/\/oise-echecs.fr\/index.php?rest_route=%2Fwp%2Fv2%2Fcategories&post=6310"},{"taxonomy":"post_tag","embeddable":true,"href":"https:\/\/oise-echecs.fr\/index.php?rest_route=%2Fwp%2Fv2%2Ftags&post=6310"}],"curies":[{"name":"wp","href":"https:\/\/api.w.org\/{rel}","templated":true}]}}