{"id":6710,"date":"2018-07-27T16:51:15","date_gmt":"2018-07-27T15:51:15","guid":{"rendered":"http:\/\/oise-echecs.fr\/?p=6710"},"modified":"2018-07-27T16:51:15","modified_gmt":"2018-07-27T15:51:15","slug":"6eme-village-estival-silly-le-long","status":"publish","type":"post","link":"https:\/\/oise-echecs.fr\/?p=6710","title":{"rendered":"6\u00e8me Village Estival \u2013 SILLY-LE-LONG"},"content":{"rendered":"<p>Et c&rsquo;\u00e9tait le dernier&#8230;.mais pas la derni\u00e8re manifestation de cet \u00e9t\u00e9 (voir r\u00e9guli\u00e8rement la rubrique \u00ab\u00a0PROCHAINEMENT\u00a0\u00bb).<\/p>\n<p>Nous avons eu 54 visiteurs parmi les 305 personnes qui ont arpent\u00e9 les all\u00e9es du Village Estival entre les diff\u00e9rents stands.<\/p>\n<p>Avec Manuel et Romain, nous avons eu la bonne surprise de voir Monique et Maud venues quelques heures nous donner a) des g\u00e2teaux au chocolat b) de l&rsquo;aide pour former des nouveaux joueurs, m\u00eame Maud a donn\u00e9 un cours&#8230; il n&rsquo;y a pas d&rsquo;\u00e2ge pour commencer \u00e0 \u00eatre un super b\u00e9n\u00e9vole.<\/p>\n<p>Je remercie tous les licenci\u00e9s de l&rsquo;Oise qui ont r\u00e9pondu pr\u00e9sent pour donner un grand coup de main ou un passage quelques heures.<\/p>\n<p>Le CDJE-OISE remercie particuli\u00e8rement les membres du CD60 qui ont \u00e9t\u00e9 pr\u00e9sents lors de tous les villages, que ce soit le \u00ab\u00a0DJ\u00a0\u00bb, les monteurs, les organisateurs en amont, ceux qui tiennent un stand&#8230;et bien s\u00fbr leur \u00ab\u00a0Chef\u00a0\u00bb, madame Nad\u00e8ge Lefebvre,\u00a0 Pr\u00e9sidente du Conseil D\u00e9partemental qui a honor\u00e9 de sa pr\u00e9sence chaque village et qui, sans son accord, ce type d&rsquo;animation &#8211; unique en France &#8211; , n&rsquo;aurait pas lieu.<\/p>\n<p>Un album photo :<\/p>\n<div style=\"margin: 0 1em 1em 0; float: left; text-align: center; font-family: Verdana,Tahoma,Arial;\"><a title=\"Ouvrir\/voir cet album\" href=\"https:\/\/album.zaclys.com\/ECHECS-Village-Estival-2018-9-SILLY-LE-LONG,a75,71525\" target=\"_blank\" rel=\"noopener\"><img decoding=\"async\" style=\"border: 0; margin: 0; padding: 0;\" src=\"https:\/\/album.zaclys.com\/download.php?alb=71525\" \/><\/a><br \/>\n<strong>ECHECS Village Estival 2018 -9-SILLY-LE-LONG<\/strong><\/div>\n<p>&nbsp;<\/p>\n<p>&nbsp;<\/p>\n<p>&nbsp;<\/p>\n<p>&nbsp;<\/p>\n<p>&nbsp;<\/p>\n<p><strong>Et si vous voulez voir des photos de l&rsquo;ensemble des stands lors du village \u00e0 Silly-le-long<\/strong> :\u00a0 :\u00a0<a href=\"https:\/\/www.flickr.com\/photos\/125598090@N07\/albums\/72157697837287051\" target=\"_blank\" rel=\"noopener\">ICI<\/a><\/p>\n<p>&nbsp;<\/p>\n<p>Et pour finir la comptabilit\u00e9 :<\/p>\n<p>Kilom\u00e8tres : +102 soit 887 km au compteur<\/p>\n<p>D\u00e9part \u00e0 11h00 et retour \u00e0 20h00. Encore 9h00\u00a0 de repr\u00e9sentation.<\/p>\n<p>&nbsp;<\/p>\n","protected":false},"excerpt":{"rendered":"<p>Et c&rsquo;\u00e9tait le dernier&#8230;.mais pas la derni\u00e8re manifestation de cet \u00e9t\u00e9 (voir r\u00e9guli\u00e8rement la rubrique \u00ab\u00a0PROCHAINEMENT\u00a0\u00bb). Nous avons eu 54<\/p>\n","protected":false},"author":2,"featured_media":6712,"comment_status":"open","ping_status":"open","sticky":false,"template":"","format":"standard","meta":{"colormag_page_container_layout":"default_layout","colormag_page_sidebar_layout":"default_layout","jetpack_post_was_ever_published":false,"_jetpack_newsletter_access":"","_jetpack_dont_email_post_to_subs":false,"_jetpack_newsletter_tier_id":0,"_jetpack_memberships_contains_paywalled_content":false,"_jetpack_memberships_contains_paid_content":false,"footnotes":"","jetpack_publicize_message":"","jetpack_publicize_feature_enabled":true,"jetpack_social_post_already_shared":true,"jetpack_social_options":{"image_generator_settings":{"template":"highway","default_image_id":0,"font":"","enabled":false},"version":2}},"categories":[3],"tags":[],"class_list":["post-6710","post","type-post","status-publish","format-standard","has-post-thumbnail","hentry","category-manifestations"],"jetpack_publicize_connections":[],"jetpack_featured_media_url":"https:\/\/oise-echecs.fr\/wp-content\/uploads\/2018\/07\/Village-Estival-2018-8-Silly-le-long-29.jpg","jetpack_sharing_enabled":true,"jetpack_shortlink":"https:\/\/wp.me\/p90hcv-1Ke","_links":{"self":[{"href":"https:\/\/oise-echecs.fr\/index.php?rest_route=\/wp\/v2\/posts\/6710","targetHints":{"allow":["GET"]}}],"collection":[{"href":"https:\/\/oise-echecs.fr\/index.php?rest_route=\/wp\/v2\/posts"}],"about":[{"href":"https:\/\/oise-echecs.fr\/index.php?rest_route=\/wp\/v2\/types\/post"}],"author":[{"embeddable":true,"href":"https:\/\/oise-echecs.fr\/index.php?rest_route=\/wp\/v2\/users\/2"}],"replies":[{"embeddable":true,"href":"https:\/\/oise-echecs.fr\/index.php?rest_route=%2Fwp%2Fv2%2Fcomments&post=6710"}],"version-history":[{"count":3,"href":"https:\/\/oise-echecs.fr\/index.php?rest_route=\/wp\/v2\/posts\/6710\/revisions"}],"predecessor-version":[{"id":6714,"href":"https:\/\/oise-echecs.fr\/index.php?rest_route=\/wp\/v2\/posts\/6710\/revisions\/6714"}],"wp:featuredmedia":[{"embeddable":true,"href":"https:\/\/oise-echecs.fr\/index.php?rest_route=\/wp\/v2\/media\/6712"}],"wp:attachment":[{"href":"https:\/\/oise-echecs.fr\/index.php?rest_route=%2Fwp%2Fv2%2Fmedia&parent=6710"}],"wp:term":[{"taxonomy":"category","embeddable":true,"href":"https:\/\/oise-echecs.fr\/index.php?rest_route=%2Fwp%2Fv2%2Fcategories&post=6710"},{"taxonomy":"post_tag","embeddable":true,"href":"https:\/\/oise-echecs.fr\/index.php?rest_route=%2Fwp%2Fv2%2Ftags&post=6710"}],"curies":[{"name":"wp","href":"https:\/\/api.w.org\/{rel}","templated":true}]}}