{"id":6718,"date":"2018-07-29T09:17:50","date_gmt":"2018-07-29T08:17:50","guid":{"rendered":"http:\/\/oise-echecs.fr\/?p=6718"},"modified":"2018-07-31T09:47:38","modified_gmt":"2018-07-31T08:47:38","slug":"lezards-dete-a-senlis","status":"publish","type":"post","link":"https:\/\/oise-echecs.fr\/?p=6718","title":{"rendered":"L\u00e9zards d&rsquo;\u00e9t\u00e9 \u00e0 Senlis."},"content":{"rendered":"<p>En ce moment et jusqu&rsquo;au 5 ao\u00fbt se d\u00e9roulent les \u00ab\u00a0L\u00e9zards d&rsquo;\u00e9t\u00e9\u00a0\u00bb \u00e0 Senlis, dans le magnifique cadre du parc du ch\u00e2teau royal. On y trouve des jeux pour les petits, des spectacles, des ateliers, bref de quoi s&rsquo;amuser lors de votre visite.<\/p>\n<p><a href=\"http:\/\/oise-echecs.fr\/wp-content\/uploads\/2018\/07\/0001-7.jpg\" target=\"_blank\" rel=\"noopener\"><img loading=\"lazy\" decoding=\"async\" class=\"alignleft size-medium wp-image-6724\" src=\"http:\/\/oise-echecs.fr\/wp-content\/uploads\/2018\/07\/0001-7-300x212.jpg\" alt=\"\" width=\"300\" height=\"212\" srcset=\"https:\/\/oise-echecs.fr\/wp-content\/uploads\/2018\/07\/0001-7-300x212.jpg 300w, https:\/\/oise-echecs.fr\/wp-content\/uploads\/2018\/07\/0001-7-768x543.jpg 768w, https:\/\/oise-echecs.fr\/wp-content\/uploads\/2018\/07\/0001-7-1024x724.jpg 1024w\" sizes=\"auto, (max-width: 300px) 100vw, 300px\" \/><\/a><\/p>\n<p><a href=\"http:\/\/oise-echecs.fr\/wp-content\/uploads\/2018\/07\/0002-2.jpg\"target=\"_blank\" rel=\"noopener\"><img loading=\"lazy\" decoding=\"async\" class=\"alignleft size-medium wp-image-6723\" src=\"http:\/\/oise-echecs.fr\/wp-content\/uploads\/2018\/07\/0002-2-300x212.jpg\" alt=\"\" width=\"300\" height=\"212\" srcset=\"https:\/\/oise-echecs.fr\/wp-content\/uploads\/2018\/07\/0002-2-300x212.jpg 300w, https:\/\/oise-echecs.fr\/wp-content\/uploads\/2018\/07\/0002-2-768x543.jpg 768w, https:\/\/oise-echecs.fr\/wp-content\/uploads\/2018\/07\/0002-2-1024x724.jpg 1024w\" sizes=\"auto, (max-width: 300px) 100vw, 300px\" \/><\/a><\/p>\n<p>&nbsp;<\/p>\n<p>&nbsp;<\/p>\n<p>&nbsp;<\/p>\n<p>&nbsp;<\/p>\n<p>&nbsp;<\/p>\n<p>&nbsp;<\/p>\n<p>Mercredi 1er et samedi 4 ao\u00fbt le club d&rsquo;\u00e9checs de Senlis sera pr\u00e9sent (ainsi que Luc notre cher pr\u00e9sident du CDJE60 qui sera pr\u00e9sent le mercredi), afin de faire d\u00e9couvrir \u00e0 ceux qui le veulent notre magnifique jeu, ou pour ceux qui savent d\u00e9j\u00e0 jouer, pratiquer quelques parties amicales&#8230;<\/p>\n<p>Nous vous attendons tous sur notre stand avec grand plaisir !!<\/p>\n","protected":false},"excerpt":{"rendered":"<p>En ce moment et jusqu&rsquo;au 5 ao\u00fbt se d\u00e9roulent les \u00ab\u00a0L\u00e9zards d&rsquo;\u00e9t\u00e9\u00a0\u00bb \u00e0 Senlis, dans le magnifique cadre du parc<\/p>\n","protected":false},"author":3,"featured_media":6721,"comment_status":"open","ping_status":"open","sticky":false,"template":"","format":"standard","meta":{"colormag_page_container_layout":"default_layout","colormag_page_sidebar_layout":"default_layout","jetpack_post_was_ever_published":false,"_jetpack_newsletter_access":"","_jetpack_dont_email_post_to_subs":false,"_jetpack_newsletter_tier_id":0,"_jetpack_memberships_contains_paywalled_content":false,"_jetpack_memberships_contains_paid_content":false,"footnotes":"","jetpack_publicize_message":"","jetpack_publicize_feature_enabled":true,"jetpack_social_post_already_shared":true,"jetpack_social_options":{"image_generator_settings":{"template":"highway","default_image_id":0,"font":"","enabled":false},"version":2}},"categories":[3],"tags":[],"class_list":["post-6718","post","type-post","status-publish","format-standard","has-post-thumbnail","hentry","category-manifestations"],"jetpack_publicize_connections":[],"jetpack_featured_media_url":"https:\/\/oise-echecs.fr\/wp-content\/uploads\/2018\/07\/Lezards-d-ete-2018_image_rte_3-e1532852213646.jpg","jetpack_sharing_enabled":true,"jetpack_shortlink":"https:\/\/wp.me\/p90hcv-1Km","_links":{"self":[{"href":"https:\/\/oise-echecs.fr\/index.php?rest_route=\/wp\/v2\/posts\/6718","targetHints":{"allow":["GET"]}}],"collection":[{"href":"https:\/\/oise-echecs.fr\/index.php?rest_route=\/wp\/v2\/posts"}],"about":[{"href":"https:\/\/oise-echecs.fr\/index.php?rest_route=\/wp\/v2\/types\/post"}],"author":[{"embeddable":true,"href":"https:\/\/oise-echecs.fr\/index.php?rest_route=\/wp\/v2\/users\/3"}],"replies":[{"embeddable":true,"href":"https:\/\/oise-echecs.fr\/index.php?rest_route=%2Fwp%2Fv2%2Fcomments&post=6718"}],"version-history":[{"count":10,"href":"https:\/\/oise-echecs.fr\/index.php?rest_route=\/wp\/v2\/posts\/6718\/revisions"}],"predecessor-version":[{"id":6736,"href":"https:\/\/oise-echecs.fr\/index.php?rest_route=\/wp\/v2\/posts\/6718\/revisions\/6736"}],"wp:featuredmedia":[{"embeddable":true,"href":"https:\/\/oise-echecs.fr\/index.php?rest_route=\/wp\/v2\/media\/6721"}],"wp:attachment":[{"href":"https:\/\/oise-echecs.fr\/index.php?rest_route=%2Fwp%2Fv2%2Fmedia&parent=6718"}],"wp:term":[{"taxonomy":"category","embeddable":true,"href":"https:\/\/oise-echecs.fr\/index.php?rest_route=%2Fwp%2Fv2%2Fcategories&post=6718"},{"taxonomy":"post_tag","embeddable":true,"href":"https:\/\/oise-echecs.fr\/index.php?rest_route=%2Fwp%2Fv2%2Ftags&post=6718"}],"curies":[{"name":"wp","href":"https:\/\/api.w.org\/{rel}","templated":true}]}}