{"id":6750,"date":"2018-08-08T18:11:39","date_gmt":"2018-08-08T17:11:39","guid":{"rendered":"http:\/\/oise-echecs.fr\/?p=6750"},"modified":"2018-08-08T18:11:39","modified_gmt":"2018-08-08T17:11:39","slug":"meru-fete-du-parc-2018","status":"publish","type":"post","link":"https:\/\/oise-echecs.fr\/?p=6750","title":{"rendered":"MERU &#8211; FETE DU PARC 2018"},"content":{"rendered":"<p>C&rsquo;\u00e9tait le 14 juillet dernier. R\u00e9sum\u00e9 par Serge Adelbrecht :<\/p>\n<hr \/>\n<p><span style=\"color: #993366;\"><em>Par une tr\u00e8s belle journ\u00e9e ensoleill\u00e9e pour le samedi 14 juillet 2018 \u00e0 l&rsquo;occasion de la F\u00eate du Parc, des jeux, de la musique et des \u00e9checs \u00e9taient \u00e0 l&rsquo;honneur.<\/em><\/span><\/p>\n<p><span style=\"color: #993366;\"><em>Quelques tables, des chaises, des jeux d&rsquo;\u00e9checs,le fameux \u00e9chiquier g\u00e9ant du CDJEO et des passionn\u00e9s ont permis de contribuer \u00e0 la r\u00e9ussite de notre f\u00eate Nationale!<\/em><\/span><\/p>\n<p><span style=\"color: #993366;\"><em>Merci aux m\u00e9ruviens !!!<\/em><\/span><\/p>\n<hr \/>\n<p>Lien vers le site et photos de la journ\u00e9e ici :<\/p>\n<p><a href=\"https:\/\/echecsetnacre.blogspot.com\/2018\/07\/fete-du-parc-2018.html\" target=\"_blank\" rel=\"noopener\">https:\/\/echecsetnacre.blogspot.com\/2018\/07\/fete-du-parc-2018.html<\/a><\/p>\n<p>&nbsp;<\/p>\n","protected":false},"excerpt":{"rendered":"<p>C&rsquo;\u00e9tait le 14 juillet dernier. R\u00e9sum\u00e9 par Serge Adelbrecht : Par une tr\u00e8s belle journ\u00e9e ensoleill\u00e9e pour le samedi 14<\/p>\n","protected":false},"author":2,"featured_media":6749,"comment_status":"open","ping_status":"open","sticky":false,"template":"","format":"standard","meta":{"colormag_page_container_layout":"default_layout","colormag_page_sidebar_layout":"default_layout","jetpack_post_was_ever_published":false,"_jetpack_newsletter_access":"","_jetpack_dont_email_post_to_subs":false,"_jetpack_newsletter_tier_id":0,"_jetpack_memberships_contains_paywalled_content":false,"_jetpack_memberships_contains_paid_content":false,"footnotes":"","jetpack_publicize_message":"","jetpack_publicize_feature_enabled":true,"jetpack_social_post_already_shared":true,"jetpack_social_options":{"image_generator_settings":{"template":"highway","default_image_id":0,"font":"","enabled":false},"version":2}},"categories":[3],"tags":[],"class_list":["post-6750","post","type-post","status-publish","format-standard","has-post-thumbnail","hentry","category-manifestations"],"jetpack_publicize_connections":[],"jetpack_featured_media_url":"https:\/\/oise-echecs.fr\/wp-content\/uploads\/2018\/08\/Meru-Fete-du-Parc-2018.jpg","jetpack_sharing_enabled":true,"jetpack_shortlink":"https:\/\/wp.me\/p90hcv-1KS","_links":{"self":[{"href":"https:\/\/oise-echecs.fr\/index.php?rest_route=\/wp\/v2\/posts\/6750","targetHints":{"allow":["GET"]}}],"collection":[{"href":"https:\/\/oise-echecs.fr\/index.php?rest_route=\/wp\/v2\/posts"}],"about":[{"href":"https:\/\/oise-echecs.fr\/index.php?rest_route=\/wp\/v2\/types\/post"}],"author":[{"embeddable":true,"href":"https:\/\/oise-echecs.fr\/index.php?rest_route=\/wp\/v2\/users\/2"}],"replies":[{"embeddable":true,"href":"https:\/\/oise-echecs.fr\/index.php?rest_route=%2Fwp%2Fv2%2Fcomments&post=6750"}],"version-history":[{"count":1,"href":"https:\/\/oise-echecs.fr\/index.php?rest_route=\/wp\/v2\/posts\/6750\/revisions"}],"predecessor-version":[{"id":6751,"href":"https:\/\/oise-echecs.fr\/index.php?rest_route=\/wp\/v2\/posts\/6750\/revisions\/6751"}],"wp:featuredmedia":[{"embeddable":true,"href":"https:\/\/oise-echecs.fr\/index.php?rest_route=\/wp\/v2\/media\/6749"}],"wp:attachment":[{"href":"https:\/\/oise-echecs.fr\/index.php?rest_route=%2Fwp%2Fv2%2Fmedia&parent=6750"}],"wp:term":[{"taxonomy":"category","embeddable":true,"href":"https:\/\/oise-echecs.fr\/index.php?rest_route=%2Fwp%2Fv2%2Fcategories&post=6750"},{"taxonomy":"post_tag","embeddable":true,"href":"https:\/\/oise-echecs.fr\/index.php?rest_route=%2Fwp%2Fv2%2Ftags&post=6750"}],"curies":[{"name":"wp","href":"https:\/\/api.w.org\/{rel}","templated":true}]}}