{"id":74,"date":"2013-04-11T14:50:56","date_gmt":"2013-04-11T13:50:56","guid":{"rendered":"http:\/\/oise-echecs.fr\/?p=74"},"modified":"2024-10-19T21:41:04","modified_gmt":"2024-10-19T20:41:04","slug":"les-jeunes-isariens-aux-championnats-de-france","status":"publish","type":"post","link":"https:\/\/oise-echecs.fr\/?p=74","title":{"rendered":"Les jeunes isariens aux championnats de France"},"content":{"rendered":"<p><a href=\"http:\/\/oise-echecs.fr\/wp-content\/uploads\/2014\/03\/photo-2013-005.jpg\"><img loading=\"lazy\" decoding=\"async\" class=\"alignnone size-medium wp-image-76\" alt=\"OLYMPUS DIGITAL CAMERA\" src=\"http:\/\/oise-echecs.fr\/wp-content\/uploads\/2014\/03\/photo-2013-005-300x199.jpg\" width=\"300\" height=\"199\" srcset=\"https:\/\/oise-echecs.fr\/wp-content\/uploads\/2014\/03\/photo-2013-005-300x200.jpg 300w, https:\/\/oise-echecs.fr\/wp-content\/uploads\/2014\/03\/photo-2013-005.jpg 452w\" sizes=\"auto, (max-width: 300px) 100vw, 300px\" \/><\/a>Ils seront sept \u00e0 se rendre \u00e0 Saint-Paul-Trois-Ch\u00e2teaux dans la Dr\u00f4me du 28 avril au 5 mai pour participer aux championnats de France jeunes. En compagnie des autres repr\u00e9sentants de la Picardie, nous leur souhaitons de bonnes parties, de faire de leur mieux et surtout de&#8230; s&rsquo;y amuser !<\/p>\n<table>\n<tbody>\n<tr>\n<th><strong>Pr\u00e9nom Nom<\/strong><\/th>\n<th><strong>Elo<\/strong><\/th>\n<th><strong>Cat\u00e9gorie<\/strong><\/th>\n<th><strong>Club<\/strong><\/th>\n<\/tr>\n<tr>\n<td>Boris Boulnois<\/td>\n<td>1460<\/td>\n<td>PupM<\/td>\n<td>A.J.E. Noyon<\/td>\n<\/tr>\n<tr>\n<td>Marie-H\u00e9l\u00e8ne Cl\u00e9ment<\/td>\n<td>1009<\/td>\n<td>PouF<\/td>\n<td>Les Echiquiers d&rsquo;Escames et de Songeons<\/td>\n<\/tr>\n<tr>\n<td>Axel De Buyst<\/td>\n<td>1230<\/td>\n<td>MinM<\/td>\n<td>Echiquier Beauvaisien<\/td>\n<\/tr>\n<tr>\n<td>Harold De Buyst<\/td>\n<td>1590<\/td>\n<td>PupM<\/td>\n<td>Echiquier Beauvaisien<\/td>\n<\/tr>\n<tr>\n<td>Hugo Kessler<\/td>\n<td>1431<\/td>\n<td>BenM<\/td>\n<td>Club d&rsquo;Echecs de Senlis<\/td>\n<\/tr>\n<tr>\n<td>Lucie Pinel<\/td>\n<td>1070<\/td>\n<td>MinF<\/td>\n<td>Les Echiquiers d&rsquo;Escames et de Songeons<\/td>\n<\/tr>\n<tr>\n<td>Anthony Van Poucke<\/td>\n<td>1687<\/td>\n<td>CadM<\/td>\n<td>A.J.E. Noyon<\/td>\n<\/tr>\n<\/tbody>\n<\/table>\n","protected":false},"excerpt":{"rendered":"<p>Ils seront sept \u00e0 se rendre \u00e0 Saint-Paul-Trois-Ch\u00e2teaux dans la Dr\u00f4me du 28 avril au 5 mai pour participer aux<\/p>\n","protected":false},"author":1,"featured_media":76,"comment_status":"closed","ping_status":"open","sticky":false,"template":"","format":"standard","meta":{"colormag_page_container_layout":"default_layout","colormag_page_sidebar_layout":"default_layout","jetpack_post_was_ever_published":false,"_jetpack_newsletter_access":"","_jetpack_dont_email_post_to_subs":false,"_jetpack_newsletter_tier_id":0,"_jetpack_memberships_contains_paywalled_content":false,"_jetpack_memberships_contains_paid_content":false,"footnotes":"","jetpack_publicize_message":"","jetpack_publicize_feature_enabled":true,"jetpack_social_post_already_shared":false,"jetpack_social_options":{"image_generator_settings":{"template":"highway","default_image_id":0,"font":"","enabled":false},"version":2}},"categories":[9,8],"tags":[],"class_list":["post-74","post","type-post","status-publish","format-standard","has-post-thumbnail","hentry","category-cadence-lente","category-jeunes"],"jetpack_publicize_connections":[],"jetpack_featured_media_url":"https:\/\/oise-echecs.fr\/wp-content\/uploads\/2014\/03\/photo-2013-005.jpg","jetpack_sharing_enabled":true,"jetpack_shortlink":"https:\/\/wp.me\/p90hcv-1c","_links":{"self":[{"href":"https:\/\/oise-echecs.fr\/index.php?rest_route=\/wp\/v2\/posts\/74","targetHints":{"allow":["GET"]}}],"collection":[{"href":"https:\/\/oise-echecs.fr\/index.php?rest_route=\/wp\/v2\/posts"}],"about":[{"href":"https:\/\/oise-echecs.fr\/index.php?rest_route=\/wp\/v2\/types\/post"}],"author":[{"embeddable":true,"href":"https:\/\/oise-echecs.fr\/index.php?rest_route=\/wp\/v2\/users\/1"}],"replies":[{"embeddable":true,"href":"https:\/\/oise-echecs.fr\/index.php?rest_route=%2Fwp%2Fv2%2Fcomments&post=74"}],"version-history":[{"count":4,"href":"https:\/\/oise-echecs.fr\/index.php?rest_route=\/wp\/v2\/posts\/74\/revisions"}],"predecessor-version":[{"id":79,"href":"https:\/\/oise-echecs.fr\/index.php?rest_route=\/wp\/v2\/posts\/74\/revisions\/79"}],"wp:featuredmedia":[{"embeddable":true,"href":"https:\/\/oise-echecs.fr\/index.php?rest_route=\/wp\/v2\/media\/76"}],"wp:attachment":[{"href":"https:\/\/oise-echecs.fr\/index.php?rest_route=%2Fwp%2Fv2%2Fmedia&parent=74"}],"wp:term":[{"taxonomy":"category","embeddable":true,"href":"https:\/\/oise-echecs.fr\/index.php?rest_route=%2Fwp%2Fv2%2Fcategories&post=74"},{"taxonomy":"post_tag","embeddable":true,"href":"https:\/\/oise-echecs.fr\/index.php?rest_route=%2Fwp%2Fv2%2Ftags&post=74"}],"curies":[{"name":"wp","href":"https:\/\/api.w.org\/{rel}","templated":true}]}}