{"id":7703,"date":"2019-09-09T05:53:00","date_gmt":"2019-09-09T04:53:00","guid":{"rendered":"http:\/\/oise-echecs.fr\/?p=7703"},"modified":"2024-10-19T20:23:10","modified_gmt":"2024-10-19T19:23:10","slug":"revue-oise-echecs-n1","status":"publish","type":"post","link":"https:\/\/oise-echecs.fr\/?p=7703","title":{"rendered":"REVUE OISE ECHECS N\u00b01"},"content":{"rendered":"<p>Le premier num\u00e9ro de la revue des \u00e9ch\u00e9philes isariens sort pour les vacances d&rsquo;\u00e9t\u00e9, juste avant la premi\u00e8re \u00e9tape du Village Estival, le mardi 9 juillet \u00e0 Saint-Sulpice. L&rsquo;id\u00e9e m&rsquo;est venue de cr\u00e9er cette revue suite \u00e0 un mail de Sophie Fancelli que je remercie beaucoup pour son aide (sa contribution \u00ab\u00a0Echecs dans l&rsquo;Oise\u00a0\u00bb, ses suggestions, remarques et corrections).<\/p>\n<p><a href=\"http:\/\/oise-echecs.fr\/wp-content\/uploads\/2019\/07\/Oise-Echecs-Revue-1.pdf\" target=\"_blank\" rel=\"noopener noreferrer\">Oise Echecs &#8211; Revue des \u00e9ch\u00e9philes isariens &#8211; N\u00b01<\/a><\/p>\n<p>Je n&rsquo;\u00e9tais pas certain de pouvoir finaliser ce premier num\u00e9ro et n&rsquo;ai donc pas trop communiqu\u00e9 pour solliciter votre participation. J&rsquo;ai n\u00e9anmoins demand\u00e9 \u00e0 quelques joueuses, joueurs et pr\u00e9sidents leur contribution pour le contenu. Merci \u00e0 vous !<\/p>\n<p>Maintenant, en l&rsquo;ayant faite, je sais que c&rsquo;est r\u00e9alisable techniquement. M&rsquo;\u00e9tant bien familiaris\u00e9 avec le logiciel <a href=\"https:\/\/www.scribus.net\/\" target=\"_blank\" rel=\"noopener noreferrer\">Scribus<\/a>, la partie mise en page ne me r\u00e9clamera plus trop de temps. L&rsquo;essentiel sont les contenus et toute participation est la bienvenue. Manuel Mabire (Senlis)\u00a0 m&rsquo;avait propos\u00e9 de r\u00e9diger un article et j&rsquo;avais sollicit\u00e9 Fabrice Farou (Beauvais). Je ne vous oublie pas pour le num\u00e9ro 2 dans lequel j&rsquo;aimerai bien faire un dossier sur l&rsquo;entra\u00eenement.<\/p>\n<p><strong>A quoi sert cette revue ?<\/strong><\/p>\n<p>Je ne me suis pas trop pos\u00e9 la question au d\u00e9part. Elle peut :<\/p>\n<p>&#8211; aussi \u00eatre lue par des personnes ext\u00e9rieures \u00e0 notre d\u00e9partement voire ext\u00e9rieures aux \u00e9checs et ainsi servir d&rsquo;outil de promotion<\/p>\n<p>&#8211; montrer que nous sommes un d\u00e9partement dynamique et communiquons sur nos actions. Beaucoup de choses sont r\u00e9alis\u00e9es mais si nous ne communiquons pas sur ce que nous faisons, qui le fera ?<br \/>\nM\u00eame une communication sur des \u00e9checs (dans le sens non r\u00e9ussites) se r\u00e9v\u00e8le tr\u00e8s utile. J&rsquo;ai quelques exemples mais ce n&rsquo;est pas le sujet ici. Parfois, j&rsquo;apprends quasi par hasard des initiatives int\u00e9ressantes et me dis alors : \u00ab\u00a0Mais mince ! On ne le sait m\u00eame pas !\u00a0\u00bb<\/p>\n<p>&#8211; servir pour traiter certains sujets plus en profondeur que sur le site web, la p\u00e9riodicit\u00e9 envisag\u00e9e \u00e9tant de 6 mois<\/p>\n<p>&#8211; servir de tribune pour vous exprimer et devenir ce que vous en ferez<\/p>\n<p><strong>Comment se la procurer ?<\/strong><\/p>\n<p>Elle est plac\u00e9e sur ce site web en libre t\u00e9l\u00e9chargement au format pdf. Elle p\u00e8se assez lourd en taille m\u00e9moire : plus de 10 Mo. Pour la consulter en confort, je vous conseille de la t\u00e9l\u00e9charger au pr\u00e9alable. La transf\u00e9rer par mail peut poser difficult\u00e9 suivant vos messageries. La plupart limitent la taille des pi\u00e8ces jointes (je me souviens d&rsquo;un ancien temps o\u00f9 c&rsquo;\u00e9tait environ 2 Mo pour \u00e9viter les \u00e9changes de mp3&#8230;).<\/p>\n<p><strong>Peut-on l&rsquo;imprimer ?<\/strong><\/p>\n<p>Oui, bien qu&rsquo;elle soit plut\u00f4t destin\u00e9e \u00e0 une lecture num\u00e9rique. Le rendu en noir et blanc \u00e0 l&rsquo;impression n&rsquo;est pas toujours top.<\/p>\n<p><strong>Qui en est responsable ?<\/strong><\/p>\n<p>Le CDJEO qui proc\u00e8de \u00e0 une relecture (surtout pour les fautes).<br \/>\nJe me suis auto-d\u00e9sign\u00e9 pour ce premier num\u00e9ro comme \u00ab\u00a0\u00e9ditorialiste\u00a0\u00bb mais si quelqu&rsquo;un souhaite s&rsquo;investir pour l&rsquo;ensemble de la revue ou tenir une rubrique particuli\u00e8re comme Luc, par exemple, qui s&rsquo;occupera de la rubrique arbitrage, elle\/il est la bienvenue. D&rsquo;ailleurs, vous pouvez envoyer d\u00e8s maintenant \u00e0 Luc vos questions sur les r\u00e8gles\/arbitrage auxquelles il r\u00e9pondra dans le prochain num\u00e9ro.<\/p>\n<p>Bonne lecture et vacances \u00e0 tous !<\/p>\n<p>Franck Radina<\/p>\n<p>Samedi 6 juillet : petites corrections apport\u00e9es (orthographe et diagramme) &#8211;\u00a0 Merci Sophie et Gervais \ud83d\ude09<\/p>\n","protected":false},"excerpt":{"rendered":"<p>Le premier num\u00e9ro de la revue des \u00e9ch\u00e9philes isariens sort pour les vacances d&rsquo;\u00e9t\u00e9, juste avant la premi\u00e8re \u00e9tape du<\/p>\n","protected":false},"author":1,"featured_media":7711,"comment_status":"open","ping_status":"open","sticky":false,"template":"","format":"standard","meta":{"colormag_page_container_layout":"default_layout","colormag_page_sidebar_layout":"default_layout","jetpack_post_was_ever_published":false,"_jetpack_newsletter_access":"","_jetpack_dont_email_post_to_subs":false,"_jetpack_newsletter_tier_id":0,"_jetpack_memberships_contains_paywalled_content":false,"_jetpack_memberships_contains_paid_content":false,"footnotes":"","jetpack_publicize_message":"","jetpack_publicize_feature_enabled":true,"jetpack_social_post_already_shared":true,"jetpack_social_options":{"image_generator_settings":{"template":"highway","default_image_id":0,"font":"","enabled":false},"version":2}},"categories":[4,1],"tags":[],"class_list":["post-7703","post","type-post","status-publish","format-standard","has-post-thumbnail","hentry","category-comite-oise","category-divers"],"jetpack_publicize_connections":[],"jetpack_featured_media_url":"https:\/\/oise-echecs.fr\/wp-content\/uploads\/2019\/07\/couverture-revue-1.jpg","jetpack_sharing_enabled":false,"jetpack_shortlink":"https:\/\/wp.me\/p90hcv-20f","_links":{"self":[{"href":"https:\/\/oise-echecs.fr\/index.php?rest_route=\/wp\/v2\/posts\/7703","targetHints":{"allow":["GET"]}}],"collection":[{"href":"https:\/\/oise-echecs.fr\/index.php?rest_route=\/wp\/v2\/posts"}],"about":[{"href":"https:\/\/oise-echecs.fr\/index.php?rest_route=\/wp\/v2\/types\/post"}],"author":[{"embeddable":true,"href":"https:\/\/oise-echecs.fr\/index.php?rest_route=\/wp\/v2\/users\/1"}],"replies":[{"embeddable":true,"href":"https:\/\/oise-echecs.fr\/index.php?rest_route=%2Fwp%2Fv2%2Fcomments&post=7703"}],"version-history":[{"count":19,"href":"https:\/\/oise-echecs.fr\/index.php?rest_route=\/wp\/v2\/posts\/7703\/revisions"}],"predecessor-version":[{"id":7765,"href":"https:\/\/oise-echecs.fr\/index.php?rest_route=\/wp\/v2\/posts\/7703\/revisions\/7765"}],"wp:featuredmedia":[{"embeddable":true,"href":"https:\/\/oise-echecs.fr\/index.php?rest_route=\/wp\/v2\/media\/7711"}],"wp:attachment":[{"href":"https:\/\/oise-echecs.fr\/index.php?rest_route=%2Fwp%2Fv2%2Fmedia&parent=7703"}],"wp:term":[{"taxonomy":"category","embeddable":true,"href":"https:\/\/oise-echecs.fr\/index.php?rest_route=%2Fwp%2Fv2%2Fcategories&post=7703"},{"taxonomy":"post_tag","embeddable":true,"href":"https:\/\/oise-echecs.fr\/index.php?rest_route=%2Fwp%2Fv2%2Ftags&post=7703"}],"curies":[{"name":"wp","href":"https:\/\/api.w.org\/{rel}","templated":true}]}}