{"id":9352,"date":"2020-09-22T07:12:32","date_gmt":"2020-09-22T06:12:32","guid":{"rendered":"http:\/\/oise-echecs.fr\/?p=9352"},"modified":"2020-09-30T17:17:47","modified_gmt":"2020-09-30T16:17:47","slug":"felicitations","status":"publish","type":"post","link":"https:\/\/oise-echecs.fr\/?p=9352","title":{"rendered":"FELICITATIONS !"},"content":{"rendered":"<p><span style=\"color: #000000;\">33 b\u00e9n\u00e9voles \u00e9chiqu\u00e9ens d\u00e9crochent la m\u00e9daille jeunesse, sports et engagement associatif. Parmi eux, notre Pr\u00e9sident de CDJE, Luc !<\/span><\/p>\n<p>Bravo !<\/p>\n<p>Article complet ici :<\/p>\n<p><a href=\"http:\/\/www.echecs.asso.fr\/Actu.aspx?Ref=12909\" target=\"_blank\" rel=\"noopener noreferrer\">http:\/\/www.echecs.asso.fr\/Actu.aspx?Ref=12909<\/a><\/p>\n<p>Sophie F.<\/p>\n","protected":false},"excerpt":{"rendered":"<p>33 b\u00e9n\u00e9voles \u00e9chiqu\u00e9ens d\u00e9crochent la m\u00e9daille jeunesse, sports et engagement associatif. Parmi eux, notre Pr\u00e9sident de CDJE, Luc ! Bravo<\/p>\n","protected":false},"author":2,"featured_media":9354,"comment_status":"open","ping_status":"open","sticky":false,"template":"","format":"standard","meta":{"colormag_page_container_layout":"default_layout","colormag_page_sidebar_layout":"default_layout","jetpack_post_was_ever_published":false,"_jetpack_newsletter_access":"","_jetpack_dont_email_post_to_subs":false,"_jetpack_newsletter_tier_id":0,"_jetpack_memberships_contains_paywalled_content":false,"_jetpack_memberships_contains_paid_content":false,"footnotes":"","jetpack_publicize_message":"","jetpack_publicize_feature_enabled":true,"jetpack_social_post_already_shared":true,"jetpack_social_options":{"image_generator_settings":{"template":"highway","default_image_id":0,"font":"","enabled":false},"version":2}},"categories":[1],"tags":[],"class_list":["post-9352","post","type-post","status-publish","format-standard","has-post-thumbnail","hentry","category-divers"],"jetpack_publicize_connections":[],"jetpack_featured_media_url":"https:\/\/oise-echecs.fr\/wp-content\/uploads\/2020\/09\/Luc-ouverture-echecs-saison-16-17.jpg","jetpack_sharing_enabled":true,"jetpack_shortlink":"https:\/\/wp.me\/p90hcv-2qQ","_links":{"self":[{"href":"https:\/\/oise-echecs.fr\/index.php?rest_route=\/wp\/v2\/posts\/9352","targetHints":{"allow":["GET"]}}],"collection":[{"href":"https:\/\/oise-echecs.fr\/index.php?rest_route=\/wp\/v2\/posts"}],"about":[{"href":"https:\/\/oise-echecs.fr\/index.php?rest_route=\/wp\/v2\/types\/post"}],"author":[{"embeddable":true,"href":"https:\/\/oise-echecs.fr\/index.php?rest_route=\/wp\/v2\/users\/2"}],"replies":[{"embeddable":true,"href":"https:\/\/oise-echecs.fr\/index.php?rest_route=%2Fwp%2Fv2%2Fcomments&post=9352"}],"version-history":[{"count":2,"href":"https:\/\/oise-echecs.fr\/index.php?rest_route=\/wp\/v2\/posts\/9352\/revisions"}],"predecessor-version":[{"id":9355,"href":"https:\/\/oise-echecs.fr\/index.php?rest_route=\/wp\/v2\/posts\/9352\/revisions\/9355"}],"wp:featuredmedia":[{"embeddable":true,"href":"https:\/\/oise-echecs.fr\/index.php?rest_route=\/wp\/v2\/media\/9354"}],"wp:attachment":[{"href":"https:\/\/oise-echecs.fr\/index.php?rest_route=%2Fwp%2Fv2%2Fmedia&parent=9352"}],"wp:term":[{"taxonomy":"category","embeddable":true,"href":"https:\/\/oise-echecs.fr\/index.php?rest_route=%2Fwp%2Fv2%2Fcategories&post=9352"},{"taxonomy":"post_tag","embeddable":true,"href":"https:\/\/oise-echecs.fr\/index.php?rest_route=%2Fwp%2Fv2%2Ftags&post=9352"}],"curies":[{"name":"wp","href":"https:\/\/api.w.org\/{rel}","templated":true}]}}