{"id":996,"date":"2014-05-14T08:51:24","date_gmt":"2014-05-14T07:51:24","guid":{"rendered":"http:\/\/oise-echecs.fr\/?p=996"},"modified":"2024-10-19T20:35:57","modified_gmt":"2024-10-19T19:35:57","slug":"les-isariennes-en-n2f-le-11-mai-2014","status":"publish","type":"post","link":"https:\/\/oise-echecs.fr\/?p=996","title":{"rendered":"Les  Isariennes en N2F le 11 mai 2014"},"content":{"rendered":"<p>&nbsp;<\/p>\n<figure id=\"attachment_998\" aria-describedby=\"caption-attachment-998\" style=\"width: 300px\" class=\"wp-caption alignleft\"><a href=\"http:\/\/oise-echecs.fr\/wp-content\/uploads\/2014\/05\/DSCF8139-entente-Beauvais-Mouy-et-orga-WEB.jpg\" target=\"_blank\" rel=\"noopener\"><img loading=\"lazy\" decoding=\"async\" class=\"size-medium wp-image-998\" src=\"http:\/\/oise-echecs.fr\/wp-content\/uploads\/2014\/05\/DSCF8139-entente-Beauvais-Mouy-et-orga-WEB-300x225.jpg\" alt=\"Les joueuses+les organisateurs+la DNF le 11 mai 2014\" width=\"300\" height=\"225\" srcset=\"https:\/\/oise-echecs.fr\/wp-content\/uploads\/2014\/05\/DSCF8139-entente-Beauvais-Mouy-et-orga-WEB-300x225.jpg 300w, https:\/\/oise-echecs.fr\/wp-content\/uploads\/2014\/05\/DSCF8139-entente-Beauvais-Mouy-et-orga-WEB.jpg 1024w\" sizes=\"auto, (max-width: 300px) 100vw, 300px\" \/><\/a><figcaption id=\"caption-attachment-998\" class=\"wp-caption-text\">Les joueuses+les organisateurs+la DNF le 11 mai 2014<\/figcaption><\/figure>\n<p><span style=\"color: #555555;\">Un compte-rendu, en l\u00e9ger diff\u00e9r\u00e9 de Lille, de la directrice r\u00e9gionale des F\u00e9minines de Picardie-coach-co-pilote-supporter en chef de l\u2019\u00e9quipe\u00a0:\u00a0Sophie FANCELLI<\/span><\/p>\n<p><span style=\"color: #800080;\"><em>Alors que les hommes en d\u00e9cousaient \u00e0 Conchy-les-P\u00f4ts, une \u00e9quipe de f\u00e9minines isariennes jouait dans le Nord-Pas-de-Calais pour tenter la mont\u00e9e en Nationale 1.<\/em><\/span><\/p>\n<p><span style=\"color: #800080;\"><em>A Lille, l&rsquo;entente Beauvais\/Mouy termine 3\u00e8me du groupe Nord de Nationale 2 F\u00e9minines<\/em><span style=\"color: #000000;\"> (NDLR :\u00a0devant St Quentin \u00ab\u00a0Les tours de Haute Picardie\u00a0\u00bb)<\/span><\/span><\/p>\n<p><span style=\"color: #800080;\"><em>Pour la mont\u00e9e, il faudra attendre la saison prochaine mais les r\u00e9sultats sont encourageants.<\/em><\/span><\/p>\n<p><span style=\"color: #800080;\"><em>Les joueuses remercient tous leurs supporters.<\/em><\/span><\/p>\n<p><span style=\"color: #800080;\"><em>Photo : les joueuses de l&rsquo;entente Beauvais\/Mouy entour\u00e9es des organisateurs et de Mme Wolfangel, Directrice Nationale des F\u00e9minines.<\/em><\/span><\/p>\n<p>Que d&rsquo;\u00e9motion l\u00e0 aussi pour nos f\u00e9minines, elles feront au moins aussi bien l&rsquo;ann\u00e9e prochaine pour d\u00e9fendre haut et fort les couleurs de l&rsquo;Oise, tant qu&rsquo;il y aura un d\u00e9partement de l&rsquo;Oise&#8230;<\/p>\n","protected":false},"excerpt":{"rendered":"<p>&nbsp; Un compte-rendu, en l\u00e9ger diff\u00e9r\u00e9 de Lille, de la directrice r\u00e9gionale des F\u00e9minines de Picardie-coach-co-pilote-supporter en chef de l\u2019\u00e9quipe\u00a0:\u00a0Sophie<\/p>\n","protected":false},"author":2,"featured_media":998,"comment_status":"open","ping_status":"open","sticky":false,"template":"","format":"standard","meta":{"colormag_page_container_layout":"default_layout","colormag_page_sidebar_layout":"default_layout","jetpack_post_was_ever_published":false,"_jetpack_newsletter_access":"","_jetpack_dont_email_post_to_subs":false,"_jetpack_newsletter_tier_id":0,"_jetpack_memberships_contains_paywalled_content":false,"_jetpack_memberships_contains_paid_content":false,"footnotes":"","jetpack_publicize_message":"","jetpack_publicize_feature_enabled":true,"jetpack_social_post_already_shared":false,"jetpack_social_options":{"image_generator_settings":{"template":"highway","default_image_id":0,"font":"","enabled":false},"version":2}},"categories":[9,6],"tags":[],"class_list":["post-996","post","type-post","status-publish","format-standard","has-post-thumbnail","hentry","category-cadence-lente","category-feminines"],"jetpack_publicize_connections":[],"jetpack_featured_media_url":"https:\/\/oise-echecs.fr\/wp-content\/uploads\/2014\/05\/DSCF8139-entente-Beauvais-Mouy-et-orga-WEB.jpg","jetpack_sharing_enabled":true,"jetpack_shortlink":"https:\/\/wp.me\/p90hcv-g4","_links":{"self":[{"href":"https:\/\/oise-echecs.fr\/index.php?rest_route=\/wp\/v2\/posts\/996","targetHints":{"allow":["GET"]}}],"collection":[{"href":"https:\/\/oise-echecs.fr\/index.php?rest_route=\/wp\/v2\/posts"}],"about":[{"href":"https:\/\/oise-echecs.fr\/index.php?rest_route=\/wp\/v2\/types\/post"}],"author":[{"embeddable":true,"href":"https:\/\/oise-echecs.fr\/index.php?rest_route=\/wp\/v2\/users\/2"}],"replies":[{"embeddable":true,"href":"https:\/\/oise-echecs.fr\/index.php?rest_route=%2Fwp%2Fv2%2Fcomments&post=996"}],"version-history":[{"count":9,"href":"https:\/\/oise-echecs.fr\/index.php?rest_route=\/wp\/v2\/posts\/996\/revisions"}],"predecessor-version":[{"id":12231,"href":"https:\/\/oise-echecs.fr\/index.php?rest_route=\/wp\/v2\/posts\/996\/revisions\/12231"}],"wp:featuredmedia":[{"embeddable":true,"href":"https:\/\/oise-echecs.fr\/index.php?rest_route=\/wp\/v2\/media\/998"}],"wp:attachment":[{"href":"https:\/\/oise-echecs.fr\/index.php?rest_route=%2Fwp%2Fv2%2Fmedia&parent=996"}],"wp:term":[{"taxonomy":"category","embeddable":true,"href":"https:\/\/oise-echecs.fr\/index.php?rest_route=%2Fwp%2Fv2%2Fcategories&post=996"},{"taxonomy":"post_tag","embeddable":true,"href":"https:\/\/oise-echecs.fr\/index.php?rest_route=%2Fwp%2Fv2%2Ftags&post=996"}],"curies":[{"name":"wp","href":"https:\/\/api.w.org\/{rel}","templated":true}]}}